{"id":64310,"date":"2026-03-10T12:03:45","date_gmt":"2026-03-10T15:03:45","guid":{"rendered":"https:\/\/www.sincomam.org.br\/?p=64310"},"modified":"2026-03-10T12:03:45","modified_gmt":"2026-03-10T15:03:45","slug":"turismall-reune-corpo-diplomatico-no-rio-para-debater-economia-do-mar-e-cooperacao-internacional","status":"publish","type":"post","link":"https:\/\/www.sincomam.org.br\/index.php\/turismall-reune-corpo-diplomatico-no-rio-para-debater-economia-do-mar-e-cooperacao-internacional\/","title":{"rendered":"TurisMall re\u00fane corpo diplom\u00e1tico no Rio para debater Economia do Mar e coopera\u00e7\u00e3o internacional"},"content":{"rendered":"<p>O TurisMall 2026, evento multiplataforma que acontece no Rio de Janeiro entre os dias 12 e 14 de mar\u00e7o, promove o Primeiro Encontro do Corpo Diplom\u00e1tico, em parceria com o Instituto Cultural Marinha Mercante \u2013 IC. O encontro internacional ser\u00e1 realizado no dia 13, na Associa\u00e7\u00e3o Comercial do Rio de Janeiro (ACRJ), e reunir\u00e1 representantes diplom\u00e1ticos de nove pa\u00edses. A iniciativa tem como objetivo fortalecer o di\u00e1logo entre na\u00e7\u00f5es, promover a Economia do Mar e consolidar o Rio de Janeiro como polo de diplomacia mar\u00edtima, coopera\u00e7\u00e3o institucional e desenvolvimento sustent\u00e1vel.<\/p>\n<p>O Instituto Cultural Marinha Mercante, primeiro centro cultural dedicado \u00e0 Marinha Mercante brasileira, assume o protagonismo como anfitri\u00e3o do encontro, que contar\u00e1 com uma programa\u00e7\u00e3o estrat\u00e9gica e abrangente. Est\u00e3o previstos debates sobre energia, tecnologia naval, regulamenta\u00e7\u00e3o profissional e desenvolvimento do setor mar\u00edtimo, al\u00e9m de painel dedicado \u00e0 lideran\u00e7a feminina, discuss\u00e3o sobre seguran\u00e7a alimentar e com\u00e9rcio exterior, entre outros temas que conectam economia, soberania e integra\u00e7\u00e3o internacional.<\/p>\n<p>\u201cO mar sempre foi um espa\u00e7o de conex\u00e3o entre povos. Ao reunir representantes do corpo diplom\u00e1tico no Rio de Janeiro, buscamos fortalecer pontes de coopera\u00e7\u00e3o internacional, promover a Economia do Mar e reafirmar o papel do Brasil como um ator estrat\u00e9gico nas agendas globais ligadas ao desenvolvimento sustent\u00e1vel, \u00e0 seguran\u00e7a alimentar, \u00e0 cultura, ao turismo positivo e \u00e0 inova\u00e7\u00e3o mar\u00edtima\u201d, afirma Comandante Andr\u00e9a de F\u00e1tima, Presidente do Instituto Cultural Marinha Mercante \u2013 IC.<\/p>\n<p>A programa\u00e7\u00e3o culmina no Encontro do Corpo Diplom\u00e1tico, reunindo representantes de pa\u00edses como Cabo Verde, China, Reino Unido, Uruguai, Finl\u00e2ndia, Arm\u00eania, Alemanha, Vietn\u00e3 e It\u00e1lia, em um espa\u00e7o voltado ao di\u00e1logo internacional e \u00e0 constru\u00e7\u00e3o de agendas de coopera\u00e7\u00e3o econ\u00f4mica, mar\u00edtima e tur\u00edstica. O evento ser\u00e1 encerrado com a Cerim\u00f4nia de Condecora\u00e7\u00f5es, fortalecendo la\u00e7os institucionais e criando um ambiente prop\u00edcio para conex\u00f5es estrat\u00e9gicas entre autoridades, lideran\u00e7as do setor mar\u00edtimo e representantes consulares. Com uma agenda que integra mem\u00f3ria, economia, seguran\u00e7a alimentar, Mulheres das For\u00e7as e diplomacia, o TurisMall reafirma o Rio de Janeiro como plataforma de articula\u00e7\u00e3o global em torno da Economia do Mar e da diplomacia econ\u00f4mica.<\/p>\n<p><strong>Programa\u00e7\u00e3o completa<\/strong><\/p>\n<p><strong>8h30 \u2013 Credenciamento<\/strong><\/p>\n<p><strong>9h00 \u2013 Abertura TurisMall &amp; Instituto Cultural Marinha Mercante \u2013 IC<\/strong><\/p>\n<p>Abertura solene, com Hino Nacional Brasileiro<\/p>\n<p>Momento de honra \u00e0 mem\u00f3ria mar\u00edtima brasileira e abertura oficial do encontro.<\/p>\n<p><strong>Das 9h \u00e0s 9h55 \u2013 Painel 1 \u2013 Mem\u00f3ria e Cultura Instituto Cultural Marinha Mercante \u2013 IC<\/strong><\/p>\n<p>Participa\u00e7\u00f5es: Comandante Andrea de F\u00e1tima (Presidente do IC), Oficial Superior da Marinha Mercante Marcos Vinicius, Comodoro CLC Francisco Cesar Gondar, Comandante Falc\u00e3o Representante do CIAGA<\/p>\n<p><strong>Das 10h \u00e0s 10h50 \u2013 Painel 2 \u2013 Economia do Mar<\/strong><\/p>\n<p>Participantes: Capit\u00e3o de Mar e Guerra Marcelo Felipe (Secretaria de Estado RJ), Almirante Walter Lucas Filho (Diretor Presidente do Cluster Tecnol\u00f3gico Naval-RJ), Capit\u00e3o de Mar e Guerra Morzat J Ribeiro (Subsecretaria T\u00e9cnica de Energia e Economia do Mar) e Glauber Borges (Especialista em Mergulho Profissional)<\/p>\n<p>Debate sobre energia, tecnologia naval, regulamenta\u00e7\u00e3o profissional e desenvolvimento estrat\u00e9gico do setor mar\u00edtimo.<\/p>\n<p><strong>Das 11h \u00e0s 11h50 \u2013 Painel 3 \u2013 Seguran\u00e7a Alimentar &amp; Com\u00e9rcio Exterior<\/strong><\/p>\n<p>Participantes: William e Elenita Ruttscheidt Albuquerque (Auditora Fiscal Federal Agropecu\u00e1ria \u2013 MAPA)<\/p>\n<p>Integra\u00e7\u00e3o entre na\u00e7\u00f5es, log\u00edstica portu\u00e1ria e soberania alimentar. Discuss\u00e3o sobre o papel estrat\u00e9gico do transporte mar\u00edtimo no abastecimento global e na integra\u00e7\u00e3o comercial entre continentes.<\/p>\n<p><strong>Das 12h \u00e0s 13h50 \u2013 Almo\u00e7o institucional<\/strong><\/p>\n<p><strong>Das 14h \u00e0s 14h20 \u2013 Cultura &amp; Turismo Mar\u00edtimo: apresenta\u00e7\u00e3o do Museu Mar\u00edtimo Brasileiro pela Marinha do Brasil<\/strong><\/p>\n<p>Participante: Almirante Kerr<\/p>\n<p>Patrim\u00f4nio mar\u00edtimo como ativo cultural e tur\u00edstico estrat\u00e9gico<\/p>\n<p><strong>Das 14h20 \u00e0s 15h10 \u2013 Painel \u2013 Mulheres das For\u00e7as<\/strong><\/p>\n<p>Participantes: Comandante Andrea de F\u00e1tima (Presidente do IC), Major Paula \u2013 Pol\u00edcia Militar (Intelig\u00eancia), Comandante Amanda (Comanda o Batalh\u00e3o de Angra dos Reis), Capit\u00e3o de Fragata Rosa Medeiros ( Comunica\u00e7\u00f5es Escola de Guerra Naval \u2013 Marinha do Brasil), Dra. Michelle Trindade (Advogada \u2013 Secretaria do RJ seenemar), Walkiria (cineasta, diretora e produtora brasileira), Patr\u00edcia Aguiar (Diretora Cultural da FCCE \u2013 Federa\u00e7\u00e3o das C\u00e2maras de Com\u00e9rcio Exterior), Dra. Marta Cardiologista (Secretaria de Sa\u00fade Paraty), Thalita C\u00e1ssia (Vice Presidente de Energia da FCCE e Conselho do Grupo Damas de Energia), Marcia Wu (Vice-presidente do Conselho de Log\u00edstica e Com\u00e9rcio Internacional e Embaixadora de Turismo China x Brasil no Rio de Janeiro) e Ana Paula Aguiar (Rela\u00e7\u00f5es internacionais da ALERJ).<\/p>\n<p>Painel dedicado \u00e0 lideran\u00e7a feminina, disciplina, estrat\u00e9gia e protagonismo institucional.<\/p>\n<p><strong>Das 15h10 \u00e0s 15h30 \u2013 Intervalo coffee break<\/strong><\/p>\n<p><strong>Das 15h30 \u00e0s 16h10 \u2013 Painel 4 \u2013 Justi\u00e7a, Diplomacia e o Mar<\/strong><\/p>\n<p>Participantes: Desembargador Fabio Dutra, Desembargador Marcelo David<\/p>\n<p>Reflex\u00e3o sobre o Diplomacia \u2013 Marinha Mercante no desenvolvimento nacional.<\/p>\n<p><strong>Das 16h20 \u00e0s 17h20 \u2013 Painel 5 \u2013 Encontro do Corpo Diplom\u00e1tico<\/strong><\/p>\n<p>Espa\u00e7o de di\u00e1logo internacional com representantes diplom\u00e1ticos de: Cabo Verde, Uruguai, Finl\u00e2ndia, Arm\u00eania, Alemanha e Vietn\u00e3, entre outros grandes pa\u00edses.<\/p>\n<p>Espa\u00e7o de coopera\u00e7\u00e3o mar\u00edtima, integra\u00e7\u00e3o comercial e fortalecimento das rela\u00e7\u00f5es entre povos e institui\u00e7\u00f5es.<\/p>\n<p><strong>Das 17h30 \u00e0s 18h \u2013 Cerim\u00f4nia de Condecora\u00e7\u00f5es<\/strong><\/p>\n<p>Cerim\u00f4nia solene de honrarias institucionais do Instituto Cultural Marinha Mercante \u2013 IC<\/p>\n<p><strong>Sobre o TurisMall<\/strong><\/p>\n<p>Ao reunir diplomatas, autoridades e lideran\u00e7as do setor mar\u00edtimo e tur\u00edstico, o encontro refor\u00e7a o posicionamento do Rio de Janeiro como plataforma internacional de di\u00e1logo, inova\u00e7\u00e3o e coopera\u00e7\u00e3o econ\u00f4mica ligada \u00e0 Economia do Mar.<\/p>\n<p><strong>Servi\u00e7o Primeiro Encontro do Corpo Diplom\u00e1tico<\/strong><\/p>\n<p>Data: 13 de mar\u00e7o de 2026<\/p>\n<p>Hor\u00e1rio: 8h30 \u00e0s 18h<\/p>\n<p>Local: Associa\u00e7\u00e3o Comercial do Rio de Janeiro \u2013 ACRJ (Evento institucional \u2013 Entrada mediante convite oficial)<\/p>\n<p><strong>Servi\u00e7o TurisMall:<\/strong><\/p>\n<p>Data: 12 a 14 de mar\u00e7o de 2026<\/p>\n<p>Local: Museu do Amanh\u00e3<\/p>\n<p>Programa\u00e7\u00e3o cont\u00ednua: 10h \u00e0s 22h \u2013 Palco aberto e Feira de Turismo Gastron\u00f4mico<\/p>\n<p>Fonte: Voe News<\/p>\n","protected":false},"excerpt":{"rendered":"<p>O TurisMall 2026, evento multiplataforma que acontece no Rio de Janeiro entre os dias 12 e 14 de mar\u00e7o, promove o Primeiro Encontro do Corpo&#8230;<\/p>\n","protected":false},"author":1527,"featured_media":64311,"comment_status":"closed","ping_status":"closed","sticky":false,"template":"","format":"standard","meta":{"footnotes":""},"categories":[6],"tags":[],"class_list":["post-64310","post","type-post","status-publish","format-standard","has-post-thumbnail","hentry","category-noticias"],"_links":{"self":[{"href":"https:\/\/www.sincomam.org.br\/index.php\/wp-json\/wp\/v2\/posts\/64310","targetHints":{"allow":["GET"]}}],"collection":[{"href":"https:\/\/www.sincomam.org.br\/index.php\/wp-json\/wp\/v2\/posts"}],"about":[{"href":"https:\/\/www.sincomam.org.br\/index.php\/wp-json\/wp\/v2\/types\/post"}],"author":[{"embeddable":true,"href":"https:\/\/www.sincomam.org.br\/index.php\/wp-json\/wp\/v2\/users\/1527"}],"replies":[{"embeddable":true,"href":"https:\/\/www.sincomam.org.br\/index.php\/wp-json\/wp\/v2\/comments?post=64310"}],"version-history":[{"count":1,"href":"https:\/\/www.sincomam.org.br\/index.php\/wp-json\/wp\/v2\/posts\/64310\/revisions"}],"predecessor-version":[{"id":64312,"href":"https:\/\/www.sincomam.org.br\/index.php\/wp-json\/wp\/v2\/posts\/64310\/revisions\/64312"}],"wp:featuredmedia":[{"embeddable":true,"href":"https:\/\/www.sincomam.org.br\/index.php\/wp-json\/wp\/v2\/media\/64311"}],"wp:attachment":[{"href":"https:\/\/www.sincomam.org.br\/index.php\/wp-json\/wp\/v2\/media?parent=64310"}],"wp:term":[{"taxonomy":"category","embeddable":true,"href":"https:\/\/www.sincomam.org.br\/index.php\/wp-json\/wp\/v2\/categories?post=64310"},{"taxonomy":"post_tag","embeddable":true,"href":"https:\/\/www.sincomam.org.br\/index.php\/wp-json\/wp\/v2\/tags?post=64310"}],"curies":[{"name":"wp","href":"https:\/\/api.w.org\/{rel}","templated":true}]}}