{"id":64301,"date":"2026-03-10T10:51:53","date_gmt":"2026-03-10T13:51:53","guid":{"rendered":"https:\/\/www.sincomam.org.br\/?p=64301"},"modified":"2026-03-10T10:51:53","modified_gmt":"2026-03-10T13:51:53","slug":"petrobras-quer-antecipar-ramp-up-de-plataformas","status":"publish","type":"post","link":"https:\/\/www.sincomam.org.br\/index.php\/petrobras-quer-antecipar-ramp-up-de-plataformas\/","title":{"rendered":"Petrobras quer antecipar ramp-up de plataformas"},"content":{"rendered":"<p>&nbsp;<\/p>\n<div class=\"content\">\n<p><span dir=\"auto\">Ao contr\u00e1rio do que aconteceu no ano passado, a empresa n\u00e3o espera antecipar a entrada na opera\u00e7\u00e3o de novas unidades<\/span><\/p>\n<p><span dir=\"auto\">A Petrobras espera antecipar o\u00a0\u00a0<\/span><em><span dir=\"auto\">ramp-up<\/span><\/em><span dir=\"auto\">\u00a0\u00a0das plataformas P-78 e P-79. Nesta semana, a empresa bateu o recorde da primeira inje\u00e7\u00e3o de g\u00e1s na P-78, o que aconteceu 61 dias ap\u00f3s a produ\u00e7\u00e3o do primeiro \u00f3leo. O tempo mais curto at\u00e9 ent\u00e3o era o da P-66, de 79 dias.\u00a0<\/span><\/p>\n<p><span dir=\"auto\">&#8220;Isso \u00e9 fundamental para que a gente possa obrigar com os demais po\u00e7os. A gente est\u00e1 hoje com um po\u00e7o interligado na P-78 e, estabilizando a inje\u00e7\u00e3o de g\u00e1s, a gente vai pedir anu\u00eancia para o segundo po\u00e7o e assim por diante&#8221;, afirmou a diretora de Engenharia, Tecnologia e Inova\u00e7\u00e3o, Renata Baruzzi.\u00a0<\/span><\/p>\n<p><span dir=\"auto\">Para 2026, n\u00e3o h\u00e1 previs\u00e3o de antecipar a entrada em opera\u00e7\u00e3o de plataformas. Para este ano, est\u00e1 prevista a liga\u00e7\u00e3o das unidades P-80, em agosto, e P-82, em setembro. Para fevereiro de 2027 est\u00e1 previsto o in\u00edcio da opera\u00e7\u00e3o da P-83.<\/span><\/p>\n<p><span dir=\"auto\">Fonte:\u00a0<\/span><span dir=\"auto\">Revista Brasil Energia<\/span><\/p>\n<\/div>\n","protected":false},"excerpt":{"rendered":"<p>&nbsp; Ao contr\u00e1rio do que aconteceu no ano passado, a empresa n\u00e3o espera antecipar a entrada na opera\u00e7\u00e3o de novas unidades A Petrobras espera antecipar&#8230;<\/p>\n","protected":false},"author":1527,"featured_media":33428,"comment_status":"closed","ping_status":"closed","sticky":false,"template":"","format":"standard","meta":{"footnotes":""},"categories":[6],"tags":[],"class_list":["post-64301","post","type-post","status-publish","format-standard","has-post-thumbnail","hentry","category-noticias"],"_links":{"self":[{"href":"https:\/\/www.sincomam.org.br\/index.php\/wp-json\/wp\/v2\/posts\/64301","targetHints":{"allow":["GET"]}}],"collection":[{"href":"https:\/\/www.sincomam.org.br\/index.php\/wp-json\/wp\/v2\/posts"}],"about":[{"href":"https:\/\/www.sincomam.org.br\/index.php\/wp-json\/wp\/v2\/types\/post"}],"author":[{"embeddable":true,"href":"https:\/\/www.sincomam.org.br\/index.php\/wp-json\/wp\/v2\/users\/1527"}],"replies":[{"embeddable":true,"href":"https:\/\/www.sincomam.org.br\/index.php\/wp-json\/wp\/v2\/comments?post=64301"}],"version-history":[{"count":1,"href":"https:\/\/www.sincomam.org.br\/index.php\/wp-json\/wp\/v2\/posts\/64301\/revisions"}],"predecessor-version":[{"id":64302,"href":"https:\/\/www.sincomam.org.br\/index.php\/wp-json\/wp\/v2\/posts\/64301\/revisions\/64302"}],"wp:featuredmedia":[{"embeddable":true,"href":"https:\/\/www.sincomam.org.br\/index.php\/wp-json\/wp\/v2\/media\/33428"}],"wp:attachment":[{"href":"https:\/\/www.sincomam.org.br\/index.php\/wp-json\/wp\/v2\/media?parent=64301"}],"wp:term":[{"taxonomy":"category","embeddable":true,"href":"https:\/\/www.sincomam.org.br\/index.php\/wp-json\/wp\/v2\/categories?post=64301"},{"taxonomy":"post_tag","embeddable":true,"href":"https:\/\/www.sincomam.org.br\/index.php\/wp-json\/wp\/v2\/tags?post=64301"}],"curies":[{"name":"wp","href":"https:\/\/api.w.org\/{rel}","templated":true}]}}