{"id":64230,"date":"2026-03-05T06:47:37","date_gmt":"2026-03-05T09:47:37","guid":{"rendered":"https:\/\/www.sincomam.org.br\/?p=64230"},"modified":"2026-03-04T20:48:24","modified_gmt":"2026-03-04T23:48:24","slug":"incorporacao-da-cbo-pela-oceanpact-formara-frota-com-73-embarcacoes-2","status":"publish","type":"post","link":"https:\/\/www.sincomam.org.br\/index.php\/incorporacao-da-cbo-pela-oceanpact-formara-frota-com-73-embarcacoes-2\/","title":{"rendered":"Incorpora\u00e7\u00e3o da CBO pela OceanPact formar\u00e1 frota com 73 embarca\u00e7\u00f5es"},"content":{"rendered":"<p><span dir=\"auto\">A OceanPact Servi\u00e7os Mar\u00edtimos SA e CBO Holding SA anunciaram, na \u00faltima sexta-feira (27\/02), a combina\u00e7\u00e3o de seus neg\u00f3cios, a partir da incorpora\u00e7\u00e3o da\u00a0\u00a0<\/span><em><span dir=\"auto\">holding<\/span><\/em><span dir=\"auto\">\u00a0\u00a0da CBO pela OceanPact. Com a transa\u00e7\u00e3o, a companhia combinada contar\u00e1 com uma frota de 73 embarca\u00e7\u00f5es, receita anual de mais de R$ 4 bilh\u00f5es e\u00a0\u00a0<\/span><em><span dir=\"auto\">backlog<\/span><\/em><span dir=\"auto\">\u00a0\u00a0de R$ 14 bilh\u00f5es.<\/span><\/p>\n<p><span dir=\"auto\">De acordo com o fato relevante divulgado, o fechamento da opera\u00e7\u00e3o ainda est\u00e1 sujeito \u00e0 aprova\u00e7\u00e3o do Conselho Administrativo de Defesa Econ\u00f4mica (Cade) e ao cumprimento das demais condi\u00e7\u00f5es para esse tipo de opera\u00e7\u00e3o, incluindo a aprova\u00e7\u00e3o em assembleias gerais das companhias e a anu\u00eancia dos credores.<\/span><\/p>\n<p><span dir=\"auto\">A dire\u00e7\u00e3o executiva da companhia conjunta ser\u00e1 liderada por Flavio Andrade, como CEO, Eduardo de Toledo, como CFO, Marcos Tinti, como vice-presidente de navega\u00e7\u00e3o, e Haroldo Solberg, como vice-presidente e l\u00edder da integra\u00e7\u00e3o.<\/span><\/p>\n<p><span dir=\"auto\">O novo conselho de administra\u00e7\u00e3o ser\u00e1 formado por sete membros, sendo tr\u00eas independentes, tr\u00eas indicados por Vinci Compass, Patria e Flavio Andrade, e um indicado pelo BNDESPar. Lu\u00eds Araujo, um dos conselheiros independentes, ser\u00e1 o presidente do Conselho de Administra\u00e7\u00e3o.<\/span><\/p>\n<p><span dir=\"auto\">A nova estrutura acion\u00e1ria ter\u00e1 as seguintes participa\u00e7\u00f5es: Vinci Compass, 21,8%; Fundos de infraestrutura geridos pelo P\u00e1tria, 21,8%; Fl\u00e1vio Andrade, 13,0%; BNDESPar, 10,9%; executivos da OceanPact, 3,8%; e mercado, 28,7%.<\/span><\/p>\n<p><span dir=\"auto\">Fonte:\u00a0<\/span><span dir=\"auto\">Revista Portos e Navios<\/span><\/p>\n","protected":false},"excerpt":{"rendered":"<p>A OceanPact Servi\u00e7os Mar\u00edtimos SA e CBO Holding SA anunciaram, na \u00faltima sexta-feira (27\/02), a combina\u00e7\u00e3o de seus neg\u00f3cios, a partir da incorpora\u00e7\u00e3o da\u00a0\u00a0holding\u00a0\u00a0da CBO&#8230;<\/p>\n","protected":false},"author":1527,"featured_media":64231,"comment_status":"closed","ping_status":"closed","sticky":false,"template":"","format":"standard","meta":{"footnotes":""},"categories":[6],"tags":[],"class_list":["post-64230","post","type-post","status-publish","format-standard","has-post-thumbnail","hentry","category-noticias"],"_links":{"self":[{"href":"https:\/\/www.sincomam.org.br\/index.php\/wp-json\/wp\/v2\/posts\/64230","targetHints":{"allow":["GET"]}}],"collection":[{"href":"https:\/\/www.sincomam.org.br\/index.php\/wp-json\/wp\/v2\/posts"}],"about":[{"href":"https:\/\/www.sincomam.org.br\/index.php\/wp-json\/wp\/v2\/types\/post"}],"author":[{"embeddable":true,"href":"https:\/\/www.sincomam.org.br\/index.php\/wp-json\/wp\/v2\/users\/1527"}],"replies":[{"embeddable":true,"href":"https:\/\/www.sincomam.org.br\/index.php\/wp-json\/wp\/v2\/comments?post=64230"}],"version-history":[{"count":1,"href":"https:\/\/www.sincomam.org.br\/index.php\/wp-json\/wp\/v2\/posts\/64230\/revisions"}],"predecessor-version":[{"id":64232,"href":"https:\/\/www.sincomam.org.br\/index.php\/wp-json\/wp\/v2\/posts\/64230\/revisions\/64232"}],"wp:featuredmedia":[{"embeddable":true,"href":"https:\/\/www.sincomam.org.br\/index.php\/wp-json\/wp\/v2\/media\/64231"}],"wp:attachment":[{"href":"https:\/\/www.sincomam.org.br\/index.php\/wp-json\/wp\/v2\/media?parent=64230"}],"wp:term":[{"taxonomy":"category","embeddable":true,"href":"https:\/\/www.sincomam.org.br\/index.php\/wp-json\/wp\/v2\/categories?post=64230"},{"taxonomy":"post_tag","embeddable":true,"href":"https:\/\/www.sincomam.org.br\/index.php\/wp-json\/wp\/v2\/tags?post=64230"}],"curies":[{"name":"wp","href":"https:\/\/api.w.org\/{rel}","templated":true}]}}