{"id":64215,"date":"2026-03-04T11:25:15","date_gmt":"2026-03-04T14:25:15","guid":{"rendered":"https:\/\/www.sincomam.org.br\/?p=64215"},"modified":"2026-03-04T11:25:15","modified_gmt":"2026-03-04T14:25:15","slug":"fim-do-6x1-lula-propoe-negociacao-entre-patroes-empregados-e-governo","status":"publish","type":"post","link":"https:\/\/www.sincomam.org.br\/index.php\/fim-do-6x1-lula-propoe-negociacao-entre-patroes-empregados-e-governo\/","title":{"rendered":"Fim do 6&#215;1: Lula prop\u00f5e negocia\u00e7\u00e3o entre patr\u00f5es, empregados e governo"},"content":{"rendered":"<p><strong>O presidente\u00a0Luiz In\u00e1cio Lula da Silva\u00a0prop\u00f4s, na noite desta ter\u00e7a-feira (3), que a proposta de lei para o fim da escala 6&#215;1 seja constru\u00edda, em conjunto, por empregados, patr\u00f5es e o governo.<\/strong><img decoding=\"async\" src=\"https:\/\/agenciabrasil.ebc.com.br\/ebc.png?id=1680450&amp;o=node\" \/><img decoding=\"async\" src=\"https:\/\/agenciabrasil.ebc.com.br\/ebc.gif?id=1680450&amp;o=node\" \/><\/p>\n<p>A declara\u00e7\u00e3o\u00a0de Lula ocorreu na abertura da Segunda Confer\u00eancia do Trabalho, que ocorre na capital paulista at\u00e9 o pr\u00f3ximo dia 5, no Anhembi.<\/p>\n<p><strong>Segundo o presidente, para os trabalhadores, ser\u00e1 mais vantajoso realizar um acordo com a classe empresarial antes de o Congresso apreciar o tema.<\/strong><\/p>\n<blockquote><p>\u201c\u00c9 melhor voc\u00eas constru\u00edrem negociando do que voc\u00eas terem que engolir uma coisa aberta [vinda do Congresso], e depois ter de recorrer \u00e0 Justi\u00e7a do Trabalho\u201d, disse.<\/p><\/blockquote>\n<p>\u201cTanto ser\u00e1 melhor para n\u00f3s se o que sair for o resultado de um acordo entre os empres\u00e1rios, os trabalhadores e o governo\u201d, acrescentou.<\/p>\n<p><strong>O presidente disse ainda que o governo n\u00e3o ir\u00e1 \u201cpender para um lado\u201d nas discuss\u00f5es.<\/strong><\/p>\n<blockquote><p>\u201cN\u00e3o iremos prejudicar os trabalhadores. E tamb\u00e9m n\u00e3o queremos contribuir com o preju\u00edzo da economia brasileira. N\u00f3s queremos contribuir para, de forma bem pensada, bem harmonizada, encontrar uma solu\u00e7\u00e3o\u201d, disse.<\/p><\/blockquote>\n<p>O encontro, no Anhembi, visa, segundo o Minist\u00e9rio do Trabalho e Emprego, estabelecer diretrizes para a promo\u00e7\u00e3o do trabalho decente no Brasil e fortalecer o di\u00e1logo social e a constru\u00e7\u00e3o coletiva de pol\u00edticas p\u00fablicas.,<\/p>\n<p>Fonte: Ag\u00eancia Brasil<\/p>\n","protected":false},"excerpt":{"rendered":"<p>O presidente\u00a0Luiz In\u00e1cio Lula da Silva\u00a0prop\u00f4s, na noite desta ter\u00e7a-feira (3), que a proposta de lei para o fim da escala 6&#215;1 seja constru\u00edda, em&#8230;<\/p>\n","protected":false},"author":1527,"featured_media":64216,"comment_status":"closed","ping_status":"closed","sticky":false,"template":"","format":"standard","meta":{"footnotes":""},"categories":[6],"tags":[],"class_list":["post-64215","post","type-post","status-publish","format-standard","has-post-thumbnail","hentry","category-noticias"],"_links":{"self":[{"href":"https:\/\/www.sincomam.org.br\/index.php\/wp-json\/wp\/v2\/posts\/64215","targetHints":{"allow":["GET"]}}],"collection":[{"href":"https:\/\/www.sincomam.org.br\/index.php\/wp-json\/wp\/v2\/posts"}],"about":[{"href":"https:\/\/www.sincomam.org.br\/index.php\/wp-json\/wp\/v2\/types\/post"}],"author":[{"embeddable":true,"href":"https:\/\/www.sincomam.org.br\/index.php\/wp-json\/wp\/v2\/users\/1527"}],"replies":[{"embeddable":true,"href":"https:\/\/www.sincomam.org.br\/index.php\/wp-json\/wp\/v2\/comments?post=64215"}],"version-history":[{"count":1,"href":"https:\/\/www.sincomam.org.br\/index.php\/wp-json\/wp\/v2\/posts\/64215\/revisions"}],"predecessor-version":[{"id":64217,"href":"https:\/\/www.sincomam.org.br\/index.php\/wp-json\/wp\/v2\/posts\/64215\/revisions\/64217"}],"wp:featuredmedia":[{"embeddable":true,"href":"https:\/\/www.sincomam.org.br\/index.php\/wp-json\/wp\/v2\/media\/64216"}],"wp:attachment":[{"href":"https:\/\/www.sincomam.org.br\/index.php\/wp-json\/wp\/v2\/media?parent=64215"}],"wp:term":[{"taxonomy":"category","embeddable":true,"href":"https:\/\/www.sincomam.org.br\/index.php\/wp-json\/wp\/v2\/categories?post=64215"},{"taxonomy":"post_tag","embeddable":true,"href":"https:\/\/www.sincomam.org.br\/index.php\/wp-json\/wp\/v2\/tags?post=64215"}],"curies":[{"name":"wp","href":"https:\/\/api.w.org\/{rel}","templated":true}]}}