{"id":64210,"date":"2026-03-04T11:06:38","date_gmt":"2026-03-04T14:06:38","guid":{"rendered":"https:\/\/www.sincomam.org.br\/?p=64210"},"modified":"2026-03-04T11:06:38","modified_gmt":"2026-03-04T14:06:38","slug":"cma-cgm-anuncia-sobretaxas-para-transporte-de-cargas-no-oriente-medio-e-em-paises-vizinhos","status":"publish","type":"post","link":"https:\/\/www.sincomam.org.br\/index.php\/cma-cgm-anuncia-sobretaxas-para-transporte-de-cargas-no-oriente-medio-e-em-paises-vizinhos\/","title":{"rendered":"CMA CGM anuncia sobretaxas para transporte de cargas no Oriente M\u00e9dio e em pa\u00edses vizinhos"},"content":{"rendered":"<p>A armadora CMA CGM anunciou, nesta ter\u00e7a-feira (3), a cobran\u00e7a de sobretaxa de emerg\u00eancia por conflito para reservas de espa\u00e7o para transporte de cargas com destino a portos do Oriente M\u00e9dio e de pa\u00edses vizinhos, por causa da guerra entre Estados Unidos, Israel e Ir\u00e3. Os valores ser\u00e3o cobrados sobre todos os pedidos feitos a partir de 2 de mar\u00e7o e sobre todos os tipos de carga com destino a ou saindo de terminais do Bahrein, do Kuwait, do Djibuti, do Om\u00e3, do Catar, da Eritreia, do Sud\u00e3o, do Iraque, dos Emirados \u00c1rabes Unidos, da Jord\u00e2nia, do I\u00eamen e da Ar\u00e1bia Saudita, al\u00e9m do Porto de Ain Sokhna, no Egito.<\/p>\n<p>De acordo com a empresa, a sobretaxa ser\u00e1 de dois mil d\u00f3lares por cont\u00eainer de 20 TEU, de tr\u00eas mil d\u00f3lares para cada um de 40 TEU e de quatro mil d\u00f3lares por cont\u00eainer refrigerado ou com equipamentos especiais e ser\u00e1 cobrada tanto das cargas ainda n\u00e3o embarcadas como das j\u00e1 em tr\u00e2nsito, mas ainda n\u00e3o descarregadas.<\/p>\n<p>A CMA CGM adiantou que, em alguns casos, dependendo da origem das mercadorias, o valor extra ser\u00e1 inclu\u00eddo na tarifa de frete. A companhia argumentou que reconhece que a cobran\u00e7a pode impactar a log\u00edstica de transporte e a cadeia de suprimentos, mas diz que foi adotada como medida preventiva e que \u00e9 necess\u00e1ria porque o contexto da regi\u00e3o em conflito acarreta custos operacionais adicionais. A CMA CGM alegou ainda que o valor extra que ser\u00e1 cobrado faz parte de um conjunto de a\u00e7\u00f5es preventivas para proteger as opera\u00e7\u00f5es nas \u00e1reas afetadas pelas manobras militares.<\/p>\n<p>Fonte: Portos e Navios<\/p>\n","protected":false},"excerpt":{"rendered":"<p>A armadora CMA CGM anunciou, nesta ter\u00e7a-feira (3), a cobran\u00e7a de sobretaxa de emerg\u00eancia por conflito para reservas de espa\u00e7o para transporte de cargas com&#8230;<\/p>\n","protected":false},"author":1527,"featured_media":64211,"comment_status":"closed","ping_status":"closed","sticky":false,"template":"","format":"standard","meta":{"footnotes":""},"categories":[6],"tags":[],"class_list":["post-64210","post","type-post","status-publish","format-standard","has-post-thumbnail","hentry","category-noticias"],"_links":{"self":[{"href":"https:\/\/www.sincomam.org.br\/index.php\/wp-json\/wp\/v2\/posts\/64210","targetHints":{"allow":["GET"]}}],"collection":[{"href":"https:\/\/www.sincomam.org.br\/index.php\/wp-json\/wp\/v2\/posts"}],"about":[{"href":"https:\/\/www.sincomam.org.br\/index.php\/wp-json\/wp\/v2\/types\/post"}],"author":[{"embeddable":true,"href":"https:\/\/www.sincomam.org.br\/index.php\/wp-json\/wp\/v2\/users\/1527"}],"replies":[{"embeddable":true,"href":"https:\/\/www.sincomam.org.br\/index.php\/wp-json\/wp\/v2\/comments?post=64210"}],"version-history":[{"count":1,"href":"https:\/\/www.sincomam.org.br\/index.php\/wp-json\/wp\/v2\/posts\/64210\/revisions"}],"predecessor-version":[{"id":64212,"href":"https:\/\/www.sincomam.org.br\/index.php\/wp-json\/wp\/v2\/posts\/64210\/revisions\/64212"}],"wp:featuredmedia":[{"embeddable":true,"href":"https:\/\/www.sincomam.org.br\/index.php\/wp-json\/wp\/v2\/media\/64211"}],"wp:attachment":[{"href":"https:\/\/www.sincomam.org.br\/index.php\/wp-json\/wp\/v2\/media?parent=64210"}],"wp:term":[{"taxonomy":"category","embeddable":true,"href":"https:\/\/www.sincomam.org.br\/index.php\/wp-json\/wp\/v2\/categories?post=64210"},{"taxonomy":"post_tag","embeddable":true,"href":"https:\/\/www.sincomam.org.br\/index.php\/wp-json\/wp\/v2\/tags?post=64210"}],"curies":[{"name":"wp","href":"https:\/\/api.w.org\/{rel}","templated":true}]}}