{"id":64207,"date":"2026-03-04T11:05:43","date_gmt":"2026-03-04T14:05:43","guid":{"rendered":"https:\/\/www.sincomam.org.br\/?p=64207"},"modified":"2026-03-04T11:05:43","modified_gmt":"2026-03-04T14:05:43","slug":"comissao-do-senado-marcou-votacao-do-acordo-provisorio-de-comercio-do-mercosul-ue","status":"publish","type":"post","link":"https:\/\/www.sincomam.org.br\/index.php\/comissao-do-senado-marcou-votacao-do-acordo-provisorio-de-comercio-do-mercosul-ue\/","title":{"rendered":"Comiss\u00e3o do Senado marcou vota\u00e7\u00e3o do acordo provis\u00f3rio de com\u00e9rcio do Mercosul-UE"},"content":{"rendered":"<p>A Comiss\u00e3o de Rela\u00e7\u00f5es Exteriores (CRE) do Senado marcou para esta quarta-feira (4) a vota\u00e7\u00e3o do acordo provis\u00f3rio de com\u00e9rcio entre os blocos do Mercosul e da Uni\u00e3o Europeia. O texto que ser\u00e1 apreciado \u00e9 o da parte comercial, que foi assinado em janeiro por chefes de Estados dos dois blocos. O acordo mais global, que incorpora a parte comercial mais as partes pol\u00edtica e de coopera\u00e7\u00e3o, ainda depende de avalia\u00e7\u00e3o do Tribunal de Justi\u00e7a Europeu. O acordo provis\u00f3rio foi aprovado pela C\u00e2mara dos Deputados e, agora, tramita na Comiss\u00e3o do Senado como Projeto de Decreto Legislativo e tem como relatora a senadora Tereza Cristina (PP-MS).<\/p>\n<p>O acordo internacional prev\u00ea a redu\u00e7\u00e3o gradual, em at\u00e9 18 anos, na m\u00e9dia, das tarifas comerciais entre os cinco pa\u00edses do Mercosul e os 27 da Uni\u00e3o Europeia. Al\u00e9m disso, cria regras comuns para com\u00e9rcio de produtos industriais e agr\u00edcolas e investimentos. Juntos, os pa\u00edses do Mercosul e da Uni\u00e3o Europeia t\u00eam hoje cerca de 718 milh\u00f5es de habitantes e produto interno bruto (PIB) estimado em aproximadamente 22,4 trilh\u00f5es de d\u00f3lares.<\/p>\n<p>Fonte: Portos e Navios<\/p>\n","protected":false},"excerpt":{"rendered":"<p>A Comiss\u00e3o de Rela\u00e7\u00f5es Exteriores (CRE) do Senado marcou para esta quarta-feira (4) a vota\u00e7\u00e3o do acordo provis\u00f3rio de com\u00e9rcio entre os blocos do Mercosul&#8230;<\/p>\n","protected":false},"author":1527,"featured_media":64208,"comment_status":"closed","ping_status":"closed","sticky":false,"template":"","format":"standard","meta":{"footnotes":""},"categories":[6],"tags":[],"class_list":["post-64207","post","type-post","status-publish","format-standard","has-post-thumbnail","hentry","category-noticias"],"_links":{"self":[{"href":"https:\/\/www.sincomam.org.br\/index.php\/wp-json\/wp\/v2\/posts\/64207","targetHints":{"allow":["GET"]}}],"collection":[{"href":"https:\/\/www.sincomam.org.br\/index.php\/wp-json\/wp\/v2\/posts"}],"about":[{"href":"https:\/\/www.sincomam.org.br\/index.php\/wp-json\/wp\/v2\/types\/post"}],"author":[{"embeddable":true,"href":"https:\/\/www.sincomam.org.br\/index.php\/wp-json\/wp\/v2\/users\/1527"}],"replies":[{"embeddable":true,"href":"https:\/\/www.sincomam.org.br\/index.php\/wp-json\/wp\/v2\/comments?post=64207"}],"version-history":[{"count":1,"href":"https:\/\/www.sincomam.org.br\/index.php\/wp-json\/wp\/v2\/posts\/64207\/revisions"}],"predecessor-version":[{"id":64209,"href":"https:\/\/www.sincomam.org.br\/index.php\/wp-json\/wp\/v2\/posts\/64207\/revisions\/64209"}],"wp:featuredmedia":[{"embeddable":true,"href":"https:\/\/www.sincomam.org.br\/index.php\/wp-json\/wp\/v2\/media\/64208"}],"wp:attachment":[{"href":"https:\/\/www.sincomam.org.br\/index.php\/wp-json\/wp\/v2\/media?parent=64207"}],"wp:term":[{"taxonomy":"category","embeddable":true,"href":"https:\/\/www.sincomam.org.br\/index.php\/wp-json\/wp\/v2\/categories?post=64207"},{"taxonomy":"post_tag","embeddable":true,"href":"https:\/\/www.sincomam.org.br\/index.php\/wp-json\/wp\/v2\/tags?post=64207"}],"curies":[{"name":"wp","href":"https:\/\/api.w.org\/{rel}","templated":true}]}}