{"id":64204,"date":"2026-03-04T11:04:09","date_gmt":"2026-03-04T14:04:09","guid":{"rendered":"https:\/\/www.sincomam.org.br\/?p=64204"},"modified":"2026-03-04T11:04:09","modified_gmt":"2026-03-04T14:04:09","slug":"subsea7-anuncia-stuart-fitzgerald-como-novo-ceo","status":"publish","type":"post","link":"https:\/\/www.sincomam.org.br\/index.php\/subsea7-anuncia-stuart-fitzgerald-como-novo-ceo\/","title":{"rendered":"Subsea7 anuncia Stuart Fitzgerald como novo CEO"},"content":{"rendered":"<p>A Subsea7 anunciou nesta ter\u00e7a-feira (3) que Stuart Fitzgerald, atualmente CEO da Seaway7, ser\u00e1 seu novo CEO a partir de 1\u00ba de julho em substiti\u00e7\u00e3o a John Evans, que se aposentar\u00e1 em 30 de junho de 2026. A empresa informou ainda que Evanas ser\u00e1 indicado pelo Conselho de Administra\u00e7\u00e3o, em Assembleia Geral Ordin\u00e1ria marcada para 12 de maio, para continuar na organiza\u00e7\u00e3o diretor.<\/p>\n<p>Evans trabalha na Subsea7 e em suas empresas antecessoras h\u00e1 40 anos, \u00e9 CEO desde 2020 e foi COO da Subsea7 por 14 anos. J\u00e1 Fitzgerald \u00e9 CEO da Seaway7 desde 2022. Ele ingressou na Subsea7 em 1998, ocupou diversos cargos de alta ger\u00eancia, incluindo vice-presidente executivo comercial e vice-presidente executivo de Estrat\u00e9gia e Alian\u00e7as e \u00e9 cotado tamb\u00e9m para o cargo de CEO da Subsea7 na futura Saipem7, ap\u00f3s a fus\u00e3o proposta com a Saipem.<\/p>\n<p>Kristian Siem, presidente, em nome do Conselho, agradeceu a John Evans por sua contribui\u00e7\u00e3o \u00e0 empresa como CEO e disse que ele demonstrou comprometimento e paix\u00e3o pelo neg\u00f3cio ao longo dos \u00faltimos 40 anos. Ele afirmou ainda que Stuart Fitzgerald fez contribui\u00e7\u00f5es significativas durante sua carreira na Subsea7, tanto em fun\u00e7\u00f5es operacionais quanto estrat\u00e9gicas, e, nos \u00faltimos anos, liderou a reestrutura\u00e7\u00e3o da unidade de neg\u00f3cios Seaway7.<\/p>\n<p>Fonte: Porto e Navios<\/p>\n","protected":false},"excerpt":{"rendered":"<p>A Subsea7 anunciou nesta ter\u00e7a-feira (3) que Stuart Fitzgerald, atualmente CEO da Seaway7, ser\u00e1 seu novo CEO a partir de 1\u00ba de julho em substiti\u00e7\u00e3o&#8230;<\/p>\n","protected":false},"author":1527,"featured_media":64205,"comment_status":"closed","ping_status":"closed","sticky":false,"template":"","format":"standard","meta":{"footnotes":""},"categories":[6],"tags":[],"class_list":["post-64204","post","type-post","status-publish","format-standard","has-post-thumbnail","hentry","category-noticias"],"_links":{"self":[{"href":"https:\/\/www.sincomam.org.br\/index.php\/wp-json\/wp\/v2\/posts\/64204","targetHints":{"allow":["GET"]}}],"collection":[{"href":"https:\/\/www.sincomam.org.br\/index.php\/wp-json\/wp\/v2\/posts"}],"about":[{"href":"https:\/\/www.sincomam.org.br\/index.php\/wp-json\/wp\/v2\/types\/post"}],"author":[{"embeddable":true,"href":"https:\/\/www.sincomam.org.br\/index.php\/wp-json\/wp\/v2\/users\/1527"}],"replies":[{"embeddable":true,"href":"https:\/\/www.sincomam.org.br\/index.php\/wp-json\/wp\/v2\/comments?post=64204"}],"version-history":[{"count":1,"href":"https:\/\/www.sincomam.org.br\/index.php\/wp-json\/wp\/v2\/posts\/64204\/revisions"}],"predecessor-version":[{"id":64206,"href":"https:\/\/www.sincomam.org.br\/index.php\/wp-json\/wp\/v2\/posts\/64204\/revisions\/64206"}],"wp:featuredmedia":[{"embeddable":true,"href":"https:\/\/www.sincomam.org.br\/index.php\/wp-json\/wp\/v2\/media\/64205"}],"wp:attachment":[{"href":"https:\/\/www.sincomam.org.br\/index.php\/wp-json\/wp\/v2\/media?parent=64204"}],"wp:term":[{"taxonomy":"category","embeddable":true,"href":"https:\/\/www.sincomam.org.br\/index.php\/wp-json\/wp\/v2\/categories?post=64204"},{"taxonomy":"post_tag","embeddable":true,"href":"https:\/\/www.sincomam.org.br\/index.php\/wp-json\/wp\/v2\/tags?post=64204"}],"curies":[{"name":"wp","href":"https:\/\/api.w.org\/{rel}","templated":true}]}}