{"id":64201,"date":"2026-03-03T08:39:10","date_gmt":"2026-03-03T11:39:10","guid":{"rendered":"https:\/\/www.sincomam.org.br\/?p=64201"},"modified":"2026-03-03T08:39:10","modified_gmt":"2026-03-03T11:39:10","slug":"secretario-geral-da-imo-condena-ataques-a-navios-comerciais-e-pede-respeito-a-liberdade-de-trafego","status":"publish","type":"post","link":"https:\/\/www.sincomam.org.br\/index.php\/secretario-geral-da-imo-condena-ataques-a-navios-comerciais-e-pede-respeito-a-liberdade-de-trafego\/","title":{"rendered":"Secret\u00e1rio-geral da IMO condena ataques a navios comerciais e pede respeito \u00e0 liberdade de tr\u00e1fego"},"content":{"rendered":"<p>O secret\u00e1rio-geral da Organiza\u00e7\u00e3o Mar\u00edtima Internacional (IMO), Arsenio Dominguez, divulgou, nesta segunda-feira (2), um comunicado em que diz estar profundamente preocupado com as not\u00edcias de que houve, pelo menos, uma morte e de que v\u00e1rios marinheiros foram feridos em ataques a navios mercantes, como consequ\u00eancia da guerra entre Estados Unidos, Israel e Ir\u00e3 e que envolve outros pa\u00edses e grupos do Oriente M\u00e9dio.<\/p>\n<p>\u201cNenhum ataque contra marinheiros inocentes ou embarca\u00e7\u00f5es civis jamais se justifica. Essas tripula\u00e7\u00f5es est\u00e3o simplesmente fazendo seu trabalho e devem ser protegidas dos efeitos das tens\u00f5es geopol\u00edticas mais amplas\u201d, manifestou Dominguez. No documento, o secret\u00e1rio-geral da IMO ressaltou que a liberdade de navega\u00e7\u00e3o \u00e9 um princ\u00edpio fundamental do direito mar\u00edtimo internacional que deve ser respeitado por todas as partes, sem exce\u00e7\u00e3o.<\/p>\n<p>\u201cEstou acompanhando a situa\u00e7\u00e3o de perto e pe\u00e7o a todas as empresas de navega\u00e7\u00e3o que exer\u00e7am a m\u00e1xima cautela. Sempre que poss\u00edvel, as embarca\u00e7\u00f5es devem evitar transitar pela regi\u00e3o afetada at\u00e9 que as condi\u00e7\u00f5es melhorem\u201d, sugeriu Dominguez, que pediu ainda que todos fiquem vigilantes contra a desinforma\u00e7\u00e3o e que confiem apenas em fontes verificadas e confi\u00e1veis ao tomarem decis\u00f5es de navega\u00e7\u00e3o.<\/p>\n<p>O dirigente da IMO disse ainda que a seguran\u00e7a e o bem-estar das tripula\u00e7\u00f5es s\u00e3o a prioridade da entidade. E informou que a ag\u00eancia da ONU continuar\u00e1 trabalhando em colabora\u00e7\u00e3o com os Estados-membros e seus parceiros para apoiar a navega\u00e7\u00e3o segura e defender o princ\u00edpio de que os marinheiros civis jamais devem ser prejudicados.<\/p>\n<p>Fonte: Portos e Navios<\/p>\n","protected":false},"excerpt":{"rendered":"<p>O secret\u00e1rio-geral da Organiza\u00e7\u00e3o Mar\u00edtima Internacional (IMO), Arsenio Dominguez, divulgou, nesta segunda-feira (2), um comunicado em que diz estar profundamente preocupado com as not\u00edcias de&#8230;<\/p>\n","protected":false},"author":1527,"featured_media":64202,"comment_status":"closed","ping_status":"closed","sticky":false,"template":"","format":"standard","meta":{"footnotes":""},"categories":[6],"tags":[],"class_list":["post-64201","post","type-post","status-publish","format-standard","has-post-thumbnail","hentry","category-noticias"],"_links":{"self":[{"href":"https:\/\/www.sincomam.org.br\/index.php\/wp-json\/wp\/v2\/posts\/64201","targetHints":{"allow":["GET"]}}],"collection":[{"href":"https:\/\/www.sincomam.org.br\/index.php\/wp-json\/wp\/v2\/posts"}],"about":[{"href":"https:\/\/www.sincomam.org.br\/index.php\/wp-json\/wp\/v2\/types\/post"}],"author":[{"embeddable":true,"href":"https:\/\/www.sincomam.org.br\/index.php\/wp-json\/wp\/v2\/users\/1527"}],"replies":[{"embeddable":true,"href":"https:\/\/www.sincomam.org.br\/index.php\/wp-json\/wp\/v2\/comments?post=64201"}],"version-history":[{"count":1,"href":"https:\/\/www.sincomam.org.br\/index.php\/wp-json\/wp\/v2\/posts\/64201\/revisions"}],"predecessor-version":[{"id":64203,"href":"https:\/\/www.sincomam.org.br\/index.php\/wp-json\/wp\/v2\/posts\/64201\/revisions\/64203"}],"wp:featuredmedia":[{"embeddable":true,"href":"https:\/\/www.sincomam.org.br\/index.php\/wp-json\/wp\/v2\/media\/64202"}],"wp:attachment":[{"href":"https:\/\/www.sincomam.org.br\/index.php\/wp-json\/wp\/v2\/media?parent=64201"}],"wp:term":[{"taxonomy":"category","embeddable":true,"href":"https:\/\/www.sincomam.org.br\/index.php\/wp-json\/wp\/v2\/categories?post=64201"},{"taxonomy":"post_tag","embeddable":true,"href":"https:\/\/www.sincomam.org.br\/index.php\/wp-json\/wp\/v2\/tags?post=64201"}],"curies":[{"name":"wp","href":"https:\/\/api.w.org\/{rel}","templated":true}]}}