{"id":64198,"date":"2026-03-03T08:17:56","date_gmt":"2026-03-03T11:17:56","guid":{"rendered":"https:\/\/www.sincomam.org.br\/?p=64198"},"modified":"2026-03-03T08:17:56","modified_gmt":"2026-03-03T11:17:56","slug":"incorporacao-da-cbo-pela-oceanpact-formara-frota-com-73-embarcacoes","status":"publish","type":"post","link":"https:\/\/www.sincomam.org.br\/index.php\/incorporacao-da-cbo-pela-oceanpact-formara-frota-com-73-embarcacoes\/","title":{"rendered":"Incorpora\u00e7\u00e3o da CBO pela OceanPact formar\u00e1 frota com 73 embarca\u00e7\u00f5es"},"content":{"rendered":"<p>A OceanPact Servi\u00e7os Mar\u00edtimos S.A. e CBO Holding S.A. anunciaram, na \u00faltima sexta-feira (27\/02), a combina\u00e7\u00e3o de seus neg\u00f3cios, a partir da incorpora\u00e7\u00e3o da <em>holding<\/em>\u00a0da CBO pela OceanPact. Com a transa\u00e7\u00e3o, a companhia combinada contar\u00e1 com uma frota de 73 embarca\u00e7\u00f5es, receita anual de mais de R$ 4 bilh\u00f5es e\u00a0<em>backlog<\/em>\u00a0de R$ 14 bilh\u00f5es.<\/p>\n<p>De acordo com o fato relevante divulgado, o fechamento da opera\u00e7\u00e3o ainda est\u00e1 sujeito \u00e0 aprova\u00e7\u00e3o do Conselho Administrativo de Defesa Econ\u00f4mica (Cade) e do cumprimento das demais condi\u00e7\u00f5es para esse tipo de opera\u00e7\u00e3o, incluindo a aprova\u00e7\u00e3o em assembleias gerais das companhias e a anu\u00eancia dos credores.<\/p>\n<p>A dire\u00e7\u00e3o executiva da companhia combinada ser\u00e1 liderada por Flavio Andrade, como CEO, Eduardo de Toledo, como CFO, Marcos Tinti, como vice-presidente de navega\u00e7\u00e3o, e Haroldo Solberg, como vice-presidente e l\u00edder da integra\u00e7\u00e3o.<\/p>\n<p>O novo conselho de administra\u00e7\u00e3o ser\u00e1 formado por sete membros, sendo tr\u00eas independentes, tr\u00eas indicados por Vinci Compass, Patria e Flavio Andrade, e um indicado pela BNDESPar. Lu\u00eds Araujo, um dos conselheiros independentes, ser\u00e1 o presidente do Conselho de Administra\u00e7\u00e3o.<\/p>\n<p>A nova estrutura acion\u00e1ria ter\u00e1 as seguintes participa\u00e7\u00f5es: Vinci Compass, 21,8%; Fundos de infraestrutura geridos pelo Patria, 21,8%; Flavio Andrade, 13,0%; BNDESPar, 10,9%; executivos da OceanPact, 3,8%; e mercado, 28,7%.<\/p>\n<p>Fonte: Portos e Navios<\/p>\n","protected":false},"excerpt":{"rendered":"<p>A OceanPact Servi\u00e7os Mar\u00edtimos S.A. e CBO Holding S.A. anunciaram, na \u00faltima sexta-feira (27\/02), a combina\u00e7\u00e3o de seus neg\u00f3cios, a partir da incorpora\u00e7\u00e3o da holding\u00a0da&#8230;<\/p>\n","protected":false},"author":1527,"featured_media":64199,"comment_status":"closed","ping_status":"closed","sticky":false,"template":"","format":"standard","meta":{"footnotes":""},"categories":[6],"tags":[],"class_list":["post-64198","post","type-post","status-publish","format-standard","has-post-thumbnail","hentry","category-noticias"],"_links":{"self":[{"href":"https:\/\/www.sincomam.org.br\/index.php\/wp-json\/wp\/v2\/posts\/64198","targetHints":{"allow":["GET"]}}],"collection":[{"href":"https:\/\/www.sincomam.org.br\/index.php\/wp-json\/wp\/v2\/posts"}],"about":[{"href":"https:\/\/www.sincomam.org.br\/index.php\/wp-json\/wp\/v2\/types\/post"}],"author":[{"embeddable":true,"href":"https:\/\/www.sincomam.org.br\/index.php\/wp-json\/wp\/v2\/users\/1527"}],"replies":[{"embeddable":true,"href":"https:\/\/www.sincomam.org.br\/index.php\/wp-json\/wp\/v2\/comments?post=64198"}],"version-history":[{"count":1,"href":"https:\/\/www.sincomam.org.br\/index.php\/wp-json\/wp\/v2\/posts\/64198\/revisions"}],"predecessor-version":[{"id":64200,"href":"https:\/\/www.sincomam.org.br\/index.php\/wp-json\/wp\/v2\/posts\/64198\/revisions\/64200"}],"wp:featuredmedia":[{"embeddable":true,"href":"https:\/\/www.sincomam.org.br\/index.php\/wp-json\/wp\/v2\/media\/64199"}],"wp:attachment":[{"href":"https:\/\/www.sincomam.org.br\/index.php\/wp-json\/wp\/v2\/media?parent=64198"}],"wp:term":[{"taxonomy":"category","embeddable":true,"href":"https:\/\/www.sincomam.org.br\/index.php\/wp-json\/wp\/v2\/categories?post=64198"},{"taxonomy":"post_tag","embeddable":true,"href":"https:\/\/www.sincomam.org.br\/index.php\/wp-json\/wp\/v2\/tags?post=64198"}],"curies":[{"name":"wp","href":"https:\/\/api.w.org\/{rel}","templated":true}]}}