{"id":64195,"date":"2026-03-03T07:12:38","date_gmt":"2026-03-03T10:12:38","guid":{"rendered":"https:\/\/www.sincomam.org.br\/?p=64195"},"modified":"2026-03-03T07:12:38","modified_gmt":"2026-03-03T10:12:38","slug":"petrobras-nao-consegue-aprovacao-da-revisao-do-pd-de-marlim-sul","status":"publish","type":"post","link":"https:\/\/www.sincomam.org.br\/index.php\/petrobras-nao-consegue-aprovacao-da-revisao-do-pd-de-marlim-sul\/","title":{"rendered":"Petrobras n\u00e3o consegue aprova\u00e7\u00e3o da revis\u00e3o do PD de Marlim Sul"},"content":{"rendered":"<p><span dir=\"auto\">A ANP n\u00e3o aprovou, na sexta-feira (27), a revis\u00e3o do Plano de Desenvolvimento (PD) do campo de Marlim Sul. A decis\u00e3o est\u00e1 vinculada \u00e0 revoga\u00e7\u00e3o da licita\u00e7\u00e3o da contrata\u00e7\u00e3o do FPSO P-86.\u00a0<\/span><\/p>\n<p><span dir=\"auto\">Al\u00e9m disso, a ag\u00eancia tamb\u00e9m n\u00e3o aprovou a redu\u00e7\u00e3o da al\u00edquota de royalties sobre a produ\u00e7\u00e3o incremental e a prorroga\u00e7\u00e3o contratual da fase de produ\u00e7\u00e3o do campo.\u00a0<\/span><\/p>\n<p><span dir=\"auto\">O campo est\u00e1 localizado na Bacia de Campos e \u00e9 operado com 100% de participa\u00e7\u00e3o pela Petrobras. O primeiro PD foi aprovado em 2018 e a solicita\u00e7\u00e3o foi solicitada em 2024.\u00a0<\/span><\/p>\n<p><span dir=\"auto\">O novo PD compreende um projeto complementar (conex\u00f5es de novos po\u00e7os ao sistema de produ\u00e7\u00e3o existente) e um projeto de revitaliza\u00e7\u00e3o (prev\u00ea maximizar o valor das concess\u00f5es de Marlim Sul e Marlim Leste a partir das substitui\u00e7\u00f5es da P-38, P-40 e P-53 pelo FPSO P-86; remanejamento de po\u00e7os e extens\u00e3o da vida produtiva da P-51 e P-56).\u00a0<\/span><\/p>\n<p><span dir=\"auto\">A instala\u00e7\u00e3o da P-86 foi uma pe\u00e7a importante para o aumento da produ\u00e7\u00e3o e para a extens\u00e3o da vida do campo at\u00e9 2052. No entanto, a Petrobras informou \u00e0 ag\u00eancia a revoga\u00e7\u00e3o das licita\u00e7\u00f5es relacionadas ao projeto, j\u00e1 que as condi\u00e7\u00f5es \u201cdesafiadoras\u201d do mercado fizeram com que o projeto n\u00e3o atendesse aos crit\u00e9rios econ\u00f4micos de governan\u00e7a do estatal.\u00a0<\/span><\/p>\n<p><span dir=\"auto\">Segundo a ANP, a revoga\u00e7\u00e3o \u201ccausa impacto irrepar\u00e1vel ao projeto\u201d, e afeta o desenvolvimento do campo e as proje\u00e7\u00f5es de produ\u00e7\u00e3o.<\/span><\/p>\n<h2 class=\"wp-block-heading\"><span dir=\"auto\">Prorroga\u00e7\u00e3o contratual e redu\u00e7\u00e3o da al\u00edquota de royalties\u00a0\u00a0<\/span><\/h2>\n<p><span dir=\"auto\">Sobre a prorroga\u00e7\u00e3o, a Superintend\u00eancia de Desenvolvimento e Produ\u00e7\u00e3o (SDP) concluiu que a produ\u00e7\u00e3o ap\u00f3s 2036, o ano em que a vida \u00fatil do FSO P-38 e FPSO P-40 terminam, \u201cn\u00e3o caracterizando produ\u00e7\u00e3o plena e eficiente das reservas\u201d. Tamb\u00e9m se considera que a manuten\u00e7\u00e3o da produ\u00e7\u00e3o do campo est\u00e1 ligada \u00e0 vida \u00fatil das instala\u00e7\u00f5es atuais.\u00a0<\/span><\/p>\n<p><span dir=\"auto\">A an\u00e1lise firmou a decis\u00e3o de reduzir a extens\u00e3o contratual concedida em 2018, a qual anterior o t\u00e9rmino em 2052, e fix\u00e1-la para 2036. A Petrobras tamb\u00e9m dever\u00e1 encaminhar estudo e relat\u00f3rio de auditor independente sobre a vida \u00fatil m\u00e1xima da P-40, a respons\u00e1vel pela maior parte do volume produzido em Marlim Sul. A opera\u00e7\u00e3o da P-40 e P-38 est\u00e3o associadas, pela \u00e1rea t\u00e9cnica, como importantes para a explora\u00e7\u00e3o adequada do campo.\u00a0\u00a0<\/span><\/p>\n<p><span dir=\"auto\">Em rela\u00e7\u00e3o \u00e0 redu\u00e7\u00e3o da al\u00edquota de royalties, a SDP entendeu que o pedido n\u00e3o se sustenta, uma vez que h\u00e1 um hist\u00f3rico de descumprimento dos compromissos aprovados na \u00faltima aprova\u00e7\u00e3o do PD e que n\u00e3o houve produ\u00e7\u00e3o incremental do campo ap\u00f3s aval do mesmo PD \u2013 a produ\u00e7\u00e3o \u00e9 inferior ao planejado, j\u00e1 que os investimentos previstos n\u00e3o foram feitos.\u00a0<\/span><\/p>\n<h2 class=\"wp-block-heading\"><span dir=\"auto\">Processo de infra\u00e7\u00e3o \u00e0 Petrobras por descumprir compromissos firmes\u00a0<\/span><\/h2>\n<p><span dir=\"auto\">Em 2022, a \u00e1rea t\u00e9cnica da ANP autorizou a estatal por descumprir os compromissos firmados no primeiro PD de Marlim Sul.\u00a0<\/span><\/p>\n<p><span dir=\"auto\">Alguns dos projetos firmados no PD consistem em perfura\u00e7\u00e3o, complementa\u00e7\u00e3o e interliga\u00e7\u00e3o de po\u00e7os produtores e injetores. Estes foram cancelados ou postergados pela Petrobras sem aprova\u00e7\u00e3o da ANP.\u00a0<\/span><\/p>\n<p><span dir=\"auto\">O processo de san\u00e7\u00e3o \u00e9 a etapa de an\u00e1lise das min\u00facias finais da Petrobras, apresentadas \u00e0 ag\u00eancia em fevereiro de 2025. Segundo a estatal, devido \u00e0s dificuldades para atender aos compromissos do PD aprovado, protocolou novo plano em setembro de 2024.<\/span><\/p>\n<p><span dir=\"auto\">Mas a revis\u00e3o do PD n\u00e3o foi aprovada, pelo cancelamento da licita\u00e7\u00e3o da P-86, e houve um desvio da produ\u00e7\u00e3o do campo, com produ\u00e7\u00e3o inferior ao planejado a partir de 2020. Entre 2020 e 2024, o d\u00e9ficit calculado pela ANP chegou a 46 milh\u00f5es de barris de petr\u00f3leo.\u00a0<\/span><\/p>\n<p><span dir=\"auto\">O diretor-relator, Daniel Maia Vieira, refor\u00e7ou um pedido para que o SDP conclua o processo de san\u00e7\u00e3o \u201caberto h\u00e1 bastante tempo\u201d. Ele ressalta que esse \u00e9 o \u00fanico instrumento que a ANP tem para tentar induzir a execu\u00e7\u00e3o do que foi aprovado.\u00a0<\/span><\/p>\n<p><span dir=\"auto\">Marlim Sul iniciou a produ\u00e7\u00e3o em 1994. As plataformas P-51, P-56, P-40 e P-38 s\u00e3o, atualmente, as respons\u00e1veis \u200b\u200bpela produ\u00e7\u00e3o. Um dos objetivos da Petrobras no campo \u00e9 a revitaliza\u00e7\u00e3o, substituindo a P-40 e a P-38 pelo FPSO P-86.<\/span><\/p>\n<p><strong><span dir=\"auto\">Em novembro de 2025<\/span><\/strong><span dir=\"auto\">\u00a0, o estatal informou a posterga\u00e7\u00e3o do contrato de alguns projetos para depois de 2030, e entre eles est\u00e1 a P-86.<\/span><\/p>\n<p><span dir=\"auto\">Fonte:\u00a0<\/span><span dir=\"auto\">Revista Brasil Energia<\/span><\/p>\n","protected":false},"excerpt":{"rendered":"<p>A ANP n\u00e3o aprovou, na sexta-feira (27), a revis\u00e3o do Plano de Desenvolvimento (PD) do campo de Marlim Sul. A decis\u00e3o est\u00e1 vinculada \u00e0 revoga\u00e7\u00e3o&#8230;<\/p>\n","protected":false},"author":1527,"featured_media":64196,"comment_status":"closed","ping_status":"closed","sticky":false,"template":"","format":"standard","meta":{"footnotes":""},"categories":[6],"tags":[],"class_list":["post-64195","post","type-post","status-publish","format-standard","has-post-thumbnail","hentry","category-noticias"],"_links":{"self":[{"href":"https:\/\/www.sincomam.org.br\/index.php\/wp-json\/wp\/v2\/posts\/64195","targetHints":{"allow":["GET"]}}],"collection":[{"href":"https:\/\/www.sincomam.org.br\/index.php\/wp-json\/wp\/v2\/posts"}],"about":[{"href":"https:\/\/www.sincomam.org.br\/index.php\/wp-json\/wp\/v2\/types\/post"}],"author":[{"embeddable":true,"href":"https:\/\/www.sincomam.org.br\/index.php\/wp-json\/wp\/v2\/users\/1527"}],"replies":[{"embeddable":true,"href":"https:\/\/www.sincomam.org.br\/index.php\/wp-json\/wp\/v2\/comments?post=64195"}],"version-history":[{"count":1,"href":"https:\/\/www.sincomam.org.br\/index.php\/wp-json\/wp\/v2\/posts\/64195\/revisions"}],"predecessor-version":[{"id":64197,"href":"https:\/\/www.sincomam.org.br\/index.php\/wp-json\/wp\/v2\/posts\/64195\/revisions\/64197"}],"wp:featuredmedia":[{"embeddable":true,"href":"https:\/\/www.sincomam.org.br\/index.php\/wp-json\/wp\/v2\/media\/64196"}],"wp:attachment":[{"href":"https:\/\/www.sincomam.org.br\/index.php\/wp-json\/wp\/v2\/media?parent=64195"}],"wp:term":[{"taxonomy":"category","embeddable":true,"href":"https:\/\/www.sincomam.org.br\/index.php\/wp-json\/wp\/v2\/categories?post=64195"},{"taxonomy":"post_tag","embeddable":true,"href":"https:\/\/www.sincomam.org.br\/index.php\/wp-json\/wp\/v2\/tags?post=64195"}],"curies":[{"name":"wp","href":"https:\/\/api.w.org\/{rel}","templated":true}]}}