{"id":64188,"date":"2026-03-03T06:14:33","date_gmt":"2026-03-03T09:14:33","guid":{"rendered":"https:\/\/www.sincomam.org.br\/?p=64188"},"modified":"2026-03-03T06:14:33","modified_gmt":"2026-03-03T09:14:33","slug":"marinha-debate-regulacao-nuclear-naval-diante-da-descarbonizacao-da-navegacao","status":"publish","type":"post","link":"https:\/\/www.sincomam.org.br\/index.php\/marinha-debate-regulacao-nuclear-naval-diante-da-descarbonizacao-da-navegacao\/","title":{"rendered":"Marinha debate regula\u00e7\u00e3o nuclear naval diante da descarboniza\u00e7\u00e3o da navega\u00e7\u00e3o"},"content":{"rendered":"<p class=\"text-align-justify\">A Marinha do Brasil (MB) promoveu, na sexta-feira (27), o Primeiro Semin\u00e1rio de Regula\u00e7\u00e3o Nuclear Naval no Brasil, realizado na Escola de Guerra Naval (EGN), no bairro da Urca, no Rio de Janeiro. Organizado pela Secretaria Naval de Seguran\u00e7a Nuclear e Qualidade (SecNSNQ), o evento debateu o papel da regula\u00e7\u00e3o nuclear diante da evolu\u00e7\u00e3o tecnol\u00f3gica do setor mar\u00edtimo, especialmente no contexto da descarboniza\u00e7\u00e3o da navega\u00e7\u00e3o, tema presente na agenda mar\u00edtima global.<\/p>\n<p class=\"text-align-justify\">O Semin\u00e1rio reuniu autoridades, reguladores, especialistas e representantes de institui\u00e7\u00f5es nacionais e internacionais para debater o marco regulat\u00f3rio nuclear aplicado aos ambientes mar\u00edtimo e fluvial, com \u00eanfase na constru\u00e7\u00e3o de um sistema seguro, moderno e alinhado \u00e0s melhores pr\u00e1ticas globais. Foram realizados dois pain\u00e9is tem\u00e1ticos: o primeiro, \u201cA vis\u00e3o do regulador no Brasil\u201d, e o segundo, \u201cPerspectivas do operador no Brasil\u201d.<\/p>\n<p class=\"text-align-justify\">Ao longo das discuss\u00f5es, os participantes trataram da adapta\u00e7\u00e3o segura e harmonizada do arcabou\u00e7o regulat\u00f3rio nacional, dos desafios emergentes do setor e as perspectivas para o emprego comercial de reatores nucleares modulares. A programa\u00e7\u00e3o contou, ainda, com palestra magna da Diretora-Geral Adjunta da Ag\u00eancia Internacional de Energia At\u00f4mica (AIEA), Karine Herviou, que afirmou que o tema possui car\u00e1ter prospectivo e vem ganhando relev\u00e2ncia crescente no \u00e2mbito da AIEA e de seus Estados-membros.<\/p>\n<p class=\"text-align-justify\">A dirigente ressaltou que diversos pa\u00edses desenvolvem pequenos reatores nucleares voltados ao ambiente mar\u00edtimo, tanto para aplica\u00e7\u00e3o em terra quanto <em>offshore<\/em>. As tecnologias v\u00eam sendo consideradas para a gera\u00e7\u00e3o de energia el\u00e9trica e para aplica\u00e7\u00f5es n\u00e3o el\u00e9tricas, como aquecimento distrital, dessaliniza\u00e7\u00e3o, fornecimento de calor para processos industriais, produ\u00e7\u00e3o de hidrog\u00eanio e propuls\u00e3o mar\u00edtima, o que, em suas palavras, confirma \u201co amplo alcance e os benef\u00edcios da ci\u00eancia e tecnologia nucleares.\u201d<\/p>\n<figure><\/figure>\n<p class=\"text-align-justify\">O Secret\u00e1rio Naval de Seguran\u00e7a Nuclear e Qualidade, Almirante de Esquadra (Reserva) Petronio Augusto Siqueira De Aguiar, ressaltou que o debate ocorreu em um momento decisivo para o setor mar\u00edtimo.<\/p>\n<figure class=\"bg-light p-3 p-md-5 my-3 rounded\"><\/figure>\n<p class=\"text-align-justify\">Participaram como painelistas o Diretor-Presidente da Autoridade Nacional de Seguran\u00e7a Nuclear (ANSN), Alessandro Facure; o CEO da NBEPar, Vice-Almirante Ney Zanella dos Santos; e representantes do setor energ\u00e9tico e industrial, entre eles Douglas Rosa, da Constellation, e F\u00e1bio Passarelli, da Petrobras.<\/p>\n<p class=\"text-align-justify\">Concebido como o evento central das celebra\u00e7\u00f5es do oitavo anivers\u00e1rio da SecNSNQ, o Semin\u00e1rio reuniu um p\u00fablico altamente selecionado de representantes da comunidade mar\u00edtima e nuclear brasileira, fortalecendo o di\u00e1logo entre operadores, reguladores e formuladores de pol\u00edticas p\u00fablicas.<\/p>\n<p class=\"text-align-justify\">A iniciativa pretende consolidar-se como marco permanente na agenda do setor nuclear brasileiro, refor\u00e7ando o compromisso da MB com a seguran\u00e7a, a sustentabilidade e a governan\u00e7a respons\u00e1vel no desenvolvimento de novas tecnologias para o ambiente mar\u00edtimo.<\/p>\n<p>Fonte: Ag\u00eancia Marinha de Not\u00edcias<\/p>\n<p>&nbsp;<\/p>\n","protected":false},"excerpt":{"rendered":"<p>A Marinha do Brasil (MB) promoveu, na sexta-feira (27), o Primeiro Semin\u00e1rio de Regula\u00e7\u00e3o Nuclear Naval no Brasil, realizado na Escola de Guerra Naval (EGN),&#8230;<\/p>\n","protected":false},"author":1527,"featured_media":64189,"comment_status":"closed","ping_status":"closed","sticky":false,"template":"","format":"standard","meta":{"footnotes":""},"categories":[6],"tags":[],"class_list":["post-64188","post","type-post","status-publish","format-standard","has-post-thumbnail","hentry","category-noticias"],"_links":{"self":[{"href":"https:\/\/www.sincomam.org.br\/index.php\/wp-json\/wp\/v2\/posts\/64188","targetHints":{"allow":["GET"]}}],"collection":[{"href":"https:\/\/www.sincomam.org.br\/index.php\/wp-json\/wp\/v2\/posts"}],"about":[{"href":"https:\/\/www.sincomam.org.br\/index.php\/wp-json\/wp\/v2\/types\/post"}],"author":[{"embeddable":true,"href":"https:\/\/www.sincomam.org.br\/index.php\/wp-json\/wp\/v2\/users\/1527"}],"replies":[{"embeddable":true,"href":"https:\/\/www.sincomam.org.br\/index.php\/wp-json\/wp\/v2\/comments?post=64188"}],"version-history":[{"count":2,"href":"https:\/\/www.sincomam.org.br\/index.php\/wp-json\/wp\/v2\/posts\/64188\/revisions"}],"predecessor-version":[{"id":64191,"href":"https:\/\/www.sincomam.org.br\/index.php\/wp-json\/wp\/v2\/posts\/64188\/revisions\/64191"}],"wp:featuredmedia":[{"embeddable":true,"href":"https:\/\/www.sincomam.org.br\/index.php\/wp-json\/wp\/v2\/media\/64189"}],"wp:attachment":[{"href":"https:\/\/www.sincomam.org.br\/index.php\/wp-json\/wp\/v2\/media?parent=64188"}],"wp:term":[{"taxonomy":"category","embeddable":true,"href":"https:\/\/www.sincomam.org.br\/index.php\/wp-json\/wp\/v2\/categories?post=64188"},{"taxonomy":"post_tag","embeddable":true,"href":"https:\/\/www.sincomam.org.br\/index.php\/wp-json\/wp\/v2\/tags?post=64188"}],"curies":[{"name":"wp","href":"https:\/\/api.w.org\/{rel}","templated":true}]}}