{"id":64091,"date":"2026-02-25T08:30:28","date_gmt":"2026-02-25T11:30:28","guid":{"rendered":"https:\/\/www.sincomam.org.br\/?p=64091"},"modified":"2026-02-25T08:30:28","modified_gmt":"2026-02-25T11:30:28","slug":"marinha-do-brasil-fortalece-posicionamento-global-na-operacao-orion-2026","status":"publish","type":"post","link":"https:\/\/www.sincomam.org.br\/index.php\/marinha-do-brasil-fortalece-posicionamento-global-na-operacao-orion-2026\/","title":{"rendered":"Marinha do Brasil fortalece posicionamento global na Opera\u00e7\u00e3o Orion 2026"},"content":{"rendered":"<p>Ao participar da\u00a0<strong data-start=\"210\" data-end=\"233\">Opera\u00e7\u00e3o Orion 2026<\/strong>, na Fran\u00e7a, a\u00a0<strong data-start=\"248\" data-end=\"269\">Marinha do Brasil<\/strong>\u00a0d\u00e1 um passo al\u00e9m do adestramento militar: refor\u00e7a seu\u00a0<strong data-start=\"324\" data-end=\"361\">posicionamento estrat\u00e9gico global<\/strong>. A presen\u00e7a de Fuzileiros Navais brasileiros em um dos mais relevantes exerc\u00edcios militares conduzidos no espa\u00e7o euro-atl\u00e2ntico projeta o Brasil em um ambiente de alta complexidade operacional, ao lado de for\u00e7as alinhadas aos padr\u00f5es da OTAN.<\/p>\n<p data-start=\"606\" data-end=\"857\">Mais do que um interc\u00e2mbio t\u00e9cnico, a Orion insere o Brasil em um contexto de\u00a0<strong data-start=\"684\" data-end=\"714\">diplomacia de defesa ativa<\/strong>, no qual exerc\u00edcios multinacionais funcionam como instrumentos de influ\u00eancia, sinaliza\u00e7\u00e3o estrat\u00e9gica e constru\u00e7\u00e3o de confian\u00e7a entre Estados.<\/p>\n<h2 data-start=\"864\" data-end=\"912\">Diplomacia de Defesa e proje\u00e7\u00e3o internacional<\/h2>\n<p data-start=\"914\" data-end=\"1361\">A participa\u00e7\u00e3o brasileira na Orion 2026 ocorre em um cen\u00e1rio internacional marcado por reconfigura\u00e7\u00e3o de alian\u00e7as, competi\u00e7\u00e3o estrat\u00e9gica entre grandes pot\u00eancias e crescente militariza\u00e7\u00e3o de \u00e1reas mar\u00edtimas sens\u00edveis. Ao integrar um exerc\u00edcio coordenado pela\u00a0<span class=\"hover:entity-accent entity-underline inline cursor-pointer align-baseline\"><span class=\"whitespace-normal\">Marinha Nacional da Fran\u00e7a<\/span><\/span>, o\u00a0Brasil\u00a0refor\u00e7a sua interlocu\u00e7\u00e3o com uma pot\u00eancia nuclear europeia que mant\u00e9m presen\u00e7a estrat\u00e9gica tanto no Atl\u00e2ntico Norte quanto no Atl\u00e2ntico Sul.<\/p>\n<div class=\"code-block code-block-7\">\n<p data-start=\"1363\" data-end=\"1674\">Sob a \u00f3tica\u00a0geopol\u00edtica, essa coopera\u00e7\u00e3o n\u00e3o \u00e9 epis\u00f3dica. Brasil e Fran\u00e7a compartilham interesses convergentes no entorno estrat\u00e9gico sul-atl\u00e2ntico, especialmente considerando os territ\u00f3rios ultramarinos franceses na regi\u00e3o e a relev\u00e2ncia da\u00a0<strong data-start=\"1605\" data-end=\"1622\">Amaz\u00f4nia Azul<\/strong>\u00a0para a seguran\u00e7a energ\u00e9tica e comercial brasileira.<\/p>\n<p data-start=\"1676\" data-end=\"1938\">Ao atuar em um ambiente operacional europeu, a Marinha sinaliza que o Brasil n\u00e3o se limita a uma postura regionalista. Trata-se de uma pot\u00eancia m\u00e9dia com ambi\u00e7\u00e3o de voz ativa na governan\u00e7a mar\u00edtima global, no direito do mar e na estabilidade das rotas oce\u00e2nicas.<\/p>\n<h2 data-start=\"1945\" data-end=\"2001\">Interoperabilidade, padr\u00e3o OTAN e ganhos doutrin\u00e1rios<\/h2>\n<p data-start=\"2003\" data-end=\"2326\">Do ponto de vista t\u00e9cnico-militar, a Orion 2026 representa um salto qualitativo para o Corpo de\u00a0Fuzileiros Navais. Exerc\u00edcios dessa natureza envolvem cen\u00e1rios de guerra de alta intensidade, integra\u00e7\u00e3o anf\u00edbia, coordena\u00e7\u00e3o multinacional de comando e controle (C2) e emprego conjunto de meios terrestres, navais e aeronavais.<\/p>\n<p data-start=\"2328\" data-end=\"2676\">Operar sob protocolos e procedimentos compat\u00edveis com o padr\u00e3o OTAN amplia a interoperabilidade brasileira e fortalece sua capacidade de atuar em coaliz\u00f5es. Esse ganho n\u00e3o se limita ao plano hipot\u00e9tico de conflitos convencionais, mas impacta diretamente miss\u00f5es de paz, evacua\u00e7\u00e3o de n\u00e3o combatentes, ajuda humanit\u00e1ria e resposta a crises complexas.<\/p>\n<p data-start=\"2678\" data-end=\"2910\">Al\u00e9m disso, a experi\u00eancia em ambientes clim\u00e1ticos, log\u00edsticos e culturais distintos eleva o grau de prontid\u00e3o expedicion\u00e1ria da For\u00e7a, refor\u00e7ando a voca\u00e7\u00e3o anf\u00edbia do Corpo de Fuzileiros Navais como instrumento de proje\u00e7\u00e3o de poder.<\/p>\n<h2 data-start=\"2917\" data-end=\"2972\">Atl\u00e2ntico Sul, multipolaridade e c\u00e1lculo estrat\u00e9gico<\/h2>\n<\/div>\n<p data-start=\"2974\" data-end=\"3252\">Para um p\u00fablico atento \u00e0s din\u00e2micas estrat\u00e9gicas globais, a Orion deve ser interpretada dentro da l\u00f3gica da multipolaridade emergente. O Brasil, ao participar de exerc\u00edcios com for\u00e7as euro-atl\u00e2nticas, amplia seu capital pol\u00edtico-militar sem abdicar de sua autonomia estrat\u00e9gica.<\/p>\n<p data-start=\"3254\" data-end=\"3569\">A presen\u00e7a brasileira em um exerc\u00edcio dessa magnitude fortalece sua credibilidade como ator capaz de dialogar tanto com o eixo euro-atl\u00e2ntico quanto com o chamado Sul Global. Essa posi\u00e7\u00e3o de equil\u00edbrio pode ser relevante em cen\u00e1rios futuros de media\u00e7\u00e3o, coopera\u00e7\u00e3o mar\u00edtima ou debates sobre seguran\u00e7a internacional.<\/p>\n<p data-start=\"3571\" data-end=\"3815\">No plano regional, a experi\u00eancia adquirida retroalimenta a capacidade brasileira de liderar iniciativas no Atl\u00e2ntico Sul, seja no \u00e2mbito da coopera\u00e7\u00e3o com pa\u00edses africanos costeiros, seja na consolida\u00e7\u00e3o da regi\u00e3o como zona de paz e coopera\u00e7\u00e3o.<\/p>\n<h2 data-start=\"3822\" data-end=\"3866\">Proje\u00e7\u00e3o de poder e reputa\u00e7\u00e3o estrat\u00e9gica<\/h2>\n<p data-start=\"3868\" data-end=\"4084\">Participa\u00e7\u00f5es como a Orion 2026 tamb\u00e9m produzem efeitos reputacionais. No universo da Defesa, reputa\u00e7\u00e3o \u00e9 ativo estrat\u00e9gico: sinaliza compet\u00eancia, confiabilidade e capacidade de integra\u00e7\u00e3o em arranjos multinacionais.<\/p>\n<p data-start=\"4086\" data-end=\"4409\">Ao integrar um exerc\u00edcio de grande envergadura na Europa, a\u00a0<strong data-start=\"4146\" data-end=\"4167\">Marinha do Brasil<\/strong>\u00a0refor\u00e7a sua imagem institucional como for\u00e7a moderna, interoper\u00e1vel e apta a operar em cen\u00e1rios de alta complexidade. Para al\u00e9m do simbolismo, isso amplia o peso do Brasil em f\u00f3runs militares, interc\u00e2mbios t\u00e9cnicos e negocia\u00e7\u00f5es estrat\u00e9gicas.<\/p>\n<p data-start=\"4411\" data-end=\"4595\">A Orion 2026, portanto, n\u00e3o \u00e9 apenas um exerc\u00edcio. \u00c9 uma mensagem estrat\u00e9gica: o Brasil est\u00e1 disposto e capacitado a dialogar no n\u00edvel mais elevado da coopera\u00e7\u00e3o militar internacional.<\/p>\n<p data-start=\"4411\" data-end=\"4595\">Fonte: Defesa em Foco<\/p>\n","protected":false},"excerpt":{"rendered":"<p>Ao participar da\u00a0Opera\u00e7\u00e3o Orion 2026, na Fran\u00e7a, a\u00a0Marinha do Brasil\u00a0d\u00e1 um passo al\u00e9m do adestramento militar: refor\u00e7a seu\u00a0posicionamento estrat\u00e9gico global. A presen\u00e7a de Fuzileiros Navais&#8230;<\/p>\n","protected":false},"author":1527,"featured_media":64092,"comment_status":"closed","ping_status":"closed","sticky":false,"template":"","format":"standard","meta":{"footnotes":""},"categories":[6],"tags":[],"class_list":["post-64091","post","type-post","status-publish","format-standard","has-post-thumbnail","hentry","category-noticias"],"_links":{"self":[{"href":"https:\/\/www.sincomam.org.br\/index.php\/wp-json\/wp\/v2\/posts\/64091","targetHints":{"allow":["GET"]}}],"collection":[{"href":"https:\/\/www.sincomam.org.br\/index.php\/wp-json\/wp\/v2\/posts"}],"about":[{"href":"https:\/\/www.sincomam.org.br\/index.php\/wp-json\/wp\/v2\/types\/post"}],"author":[{"embeddable":true,"href":"https:\/\/www.sincomam.org.br\/index.php\/wp-json\/wp\/v2\/users\/1527"}],"replies":[{"embeddable":true,"href":"https:\/\/www.sincomam.org.br\/index.php\/wp-json\/wp\/v2\/comments?post=64091"}],"version-history":[{"count":1,"href":"https:\/\/www.sincomam.org.br\/index.php\/wp-json\/wp\/v2\/posts\/64091\/revisions"}],"predecessor-version":[{"id":64093,"href":"https:\/\/www.sincomam.org.br\/index.php\/wp-json\/wp\/v2\/posts\/64091\/revisions\/64093"}],"wp:featuredmedia":[{"embeddable":true,"href":"https:\/\/www.sincomam.org.br\/index.php\/wp-json\/wp\/v2\/media\/64092"}],"wp:attachment":[{"href":"https:\/\/www.sincomam.org.br\/index.php\/wp-json\/wp\/v2\/media?parent=64091"}],"wp:term":[{"taxonomy":"category","embeddable":true,"href":"https:\/\/www.sincomam.org.br\/index.php\/wp-json\/wp\/v2\/categories?post=64091"},{"taxonomy":"post_tag","embeddable":true,"href":"https:\/\/www.sincomam.org.br\/index.php\/wp-json\/wp\/v2\/tags?post=64091"}],"curies":[{"name":"wp","href":"https:\/\/api.w.org\/{rel}","templated":true}]}}