{"id":6373,"date":"2014-07-01T11:28:58","date_gmt":"2014-07-01T14:28:58","guid":{"rendered":"http:\/\/www.sincomam.org.br\/?p=6373"},"modified":"2014-07-01T11:28:58","modified_gmt":"2014-07-01T14:28:58","slug":"joaquim-barbosa-participa-da-ultima-sessao-no-supremo-e-se-despede-do-stf","status":"publish","type":"post","link":"https:\/\/www.sincomam.org.br\/index.php\/joaquim-barbosa-participa-da-ultima-sessao-no-supremo-e-se-despede-do-stf\/","title":{"rendered":"Joaquim Barbosa participa da \u00faltima sess\u00e3o no Supremo e se despede do STF"},"content":{"rendered":"<p><strong><em>Para Gilmar Mendes, STF viveu per\u00edodo muito agitado com julgamento do mensal\u00e3o e temperamento de Barbosa<\/em><\/strong><\/p>\n<p>Dois ministros do STF comentaram na manh\u00e3 desta ter\u00e7a-feira a aposentadoria precoce do presidente do tribunal, Joaquim Barbosa, que se despede hoje do Supremo. Antes da sess\u00e3o, que est\u00e1 se realizando neste momento, o ministro Lu\u00eds Roberto Barroso, relator dos agravos do mensal\u00e3o e que tem tomado decis\u00f5es opostas \u00e0s de Barbosa, afirmou que o presidente, por sua atua\u00e7\u00e3o quando relator da a\u00e7\u00e3o que levou petistas e correligion\u00e1rios \u00e0 cadeia, se tornou um s\u00edmbolo contra o status quo.<\/p>\n<p>\u2014 O ministro Joaquim Barbosa se tornou um bom s\u00edmbolo contra o status quo, contra a impunidade. O Brasil estava precisando de bons s\u00edmbolos \u2014 disse Barroso.<\/p>\n<p>Para Barroso, Barbosa &#8220;quebrou o padr\u00e3o seletivo da Justi\u00e7a brasileira&#8221;.<\/p>\n<p>Gilmar Mendes tamb\u00e9m elogiou o papel de Joaquim Barbosa no processo e disse que o mensal\u00e3o gerou um per\u00edodo muito agitado no STF.<\/p>\n<p>\u2014 Foi um per\u00edodo muito agitado no tribunal em fun\u00e7\u00e3o desse julgamento. Foi um julgamento muito dif\u00edcil, muito tumultuado. Por causa dessa confus\u00e3o, dessa press\u00e3o externa, tentativas para n\u00e3o ouvir, embargos infringentes&#8230;Tivemos dois colegas (Ayres Britto e Cezar Peluso) que foram tirados do julgamento. Tudo contribuiu para certa agita\u00e7\u00e3o, assim como o temperamento do ministro Joaquim Barbosa \u2014 disse Mendes.<\/p>\n<p>Para o ministro, o mensal\u00e3o \u00e9 a grande marca da passagem de Barbosa pelo tribunal.<\/p>\n<p>Fonte: O Globo\u00a0<\/p>\n","protected":false},"excerpt":{"rendered":"<p>Para Gilmar Mendes, STF viveu per\u00edodo muito agitado com julgamento do mensal\u00e3o e temperamento de Barbosa Dois ministros do STF comentaram na manh\u00e3 desta ter\u00e7a-feira&#8230;<\/p>\n","protected":false},"author":1182,"featured_media":6374,"comment_status":"closed","ping_status":"closed","sticky":false,"template":"","format":"standard","meta":{"footnotes":""},"categories":[6],"tags":[],"class_list":["post-6373","post","type-post","status-publish","format-standard","has-post-thumbnail","hentry","category-noticias"],"_links":{"self":[{"href":"https:\/\/www.sincomam.org.br\/index.php\/wp-json\/wp\/v2\/posts\/6373","targetHints":{"allow":["GET"]}}],"collection":[{"href":"https:\/\/www.sincomam.org.br\/index.php\/wp-json\/wp\/v2\/posts"}],"about":[{"href":"https:\/\/www.sincomam.org.br\/index.php\/wp-json\/wp\/v2\/types\/post"}],"author":[{"embeddable":true,"href":"https:\/\/www.sincomam.org.br\/index.php\/wp-json\/wp\/v2\/users\/1182"}],"replies":[{"embeddable":true,"href":"https:\/\/www.sincomam.org.br\/index.php\/wp-json\/wp\/v2\/comments?post=6373"}],"version-history":[{"count":1,"href":"https:\/\/www.sincomam.org.br\/index.php\/wp-json\/wp\/v2\/posts\/6373\/revisions"}],"predecessor-version":[{"id":6375,"href":"https:\/\/www.sincomam.org.br\/index.php\/wp-json\/wp\/v2\/posts\/6373\/revisions\/6375"}],"wp:featuredmedia":[{"embeddable":true,"href":"https:\/\/www.sincomam.org.br\/index.php\/wp-json\/wp\/v2\/media\/6374"}],"wp:attachment":[{"href":"https:\/\/www.sincomam.org.br\/index.php\/wp-json\/wp\/v2\/media?parent=6373"}],"wp:term":[{"taxonomy":"category","embeddable":true,"href":"https:\/\/www.sincomam.org.br\/index.php\/wp-json\/wp\/v2\/categories?post=6373"},{"taxonomy":"post_tag","embeddable":true,"href":"https:\/\/www.sincomam.org.br\/index.php\/wp-json\/wp\/v2\/tags?post=6373"}],"curies":[{"name":"wp","href":"https:\/\/api.w.org\/{rel}","templated":true}]}}