{"id":63693,"date":"2026-01-29T08:41:12","date_gmt":"2026-01-29T11:41:12","guid":{"rendered":"https:\/\/www.sincomam.org.br\/?p=63693"},"modified":"2026-01-28T14:42:28","modified_gmt":"2026-01-28T17:42:28","slug":"boulos-acredita-que-fim-da-escala-6x1-pode-ser-aprovado-neste-semestre","status":"publish","type":"post","link":"https:\/\/www.sincomam.org.br\/index.php\/boulos-acredita-que-fim-da-escala-6x1-pode-ser-aprovado-neste-semestre\/","title":{"rendered":"Boulos acredita que fim da escala 6&#215;1 pode ser aprovado neste semestre"},"content":{"rendered":"<p>O ministro da Secretaria-Geral da Presid\u00eancia da Rep\u00fablica, Guilherme Boulos, afirmou nesta ter\u00e7a-feira (27) ter a\u00a0expectativa\u00a0de que o fim da\u00a0escala 6&#215;1 seja aprovado ainda neste semestre.\u00a0Segundo ele, o governo federal est\u00e1 empenhado na diminui\u00e7\u00e3o da carga de trabalho semanal e no aumento do tempo livre para os trabalhadores.<img decoding=\"async\" src=\"https:\/\/agenciabrasil.ebc.com.br\/ebc.png?id=1676213&amp;o=node\" \/><img decoding=\"async\" src=\"https:\/\/agenciabrasil.ebc.com.br\/ebc.gif?id=1676213&amp;o=node\" \/><\/p>\n<p>\u201cEu espero que isso possa ser pautado [para vota\u00e7\u00e3o no Congresso Nacional], aprovado e promulgado pelo presidente Lula neste primeiro semestre, para que os trabalhadores brasileiros tenham paz, tenham descanso e possam ter tempo com a sua fam\u00edlia para lazer, para cuidado, que \u00e9 o b\u00e1sico para qualquer um\u201d, disse o ministro.<\/p>\n<p>Boulos concedeu entrevista coletiva ap\u00f3s participar de ato na Funda\u00e7\u00e3o Oswaldo Cruz (Fiocruz), no Rio de Janeiro, para a\u00a0cria\u00e7\u00e3o de Grupo de Trabalho T\u00e9cnico da Mar\u00e9 que dever\u00e1 formular pol\u00edticas para o Complexo da Mar\u00e9, na zona norte do Rio.<\/p>\n<blockquote><p>\u201cN\u00f3s vamos acabar com a escala 6&#215;1 no Brasil. Essa \u00e9 uma necessidade do trabalhador brasileiro\u201d, afirmou.<\/p><\/blockquote>\n<p>Boulos disse atuar,\u00a0com o Minist\u00e9rio\u00a0do Trabalho, em prol da mudan\u00e7a e que j\u00e1 se reuniu e manter\u00e1 conversas \u201cnas pr\u00f3ximas semanas&#8221; com o presidente da C\u00e2mara, Hugo Motta (Republicanos-PB) para tratar do tema.<\/p>\n<h2>226 assinaturas<\/h2>\n<p>O fim da escala 6&#215;1 est\u00e1 previsto na\u00a0<a href=\"https:\/\/www.camara.leg.br\/proposicoesWeb\/fichadetramitacao?idProposicao=2485341\" target=\"_blank\" rel=\"noopener\">Proposta de Emenda Constitucional n\u00ba 8\/2025<\/a>\u00a0apresentada \u00e0 C\u00e2mara dos Deputados em fevereiro do ano passado e assinada por 226 deputados \u2013 sendo a deputada Erika Hilton (PSOL\/SP), correligion\u00e1ria de Boulos, a autora da proposta e\u00a0primeira signat\u00e1ria.<\/p>\n<p>Indagado por jornalistas sobre a eventual resist\u00eancia entre grandes empres\u00e1rios \u00e0 mudan\u00e7a na carga de trabalho, Boulos avaliou que \u201co grande empres\u00e1rio ser contra n\u00e3o \u00e9 nenhuma surpresa&#8221;.<\/p>\n<blockquote><p>&#8220;Quando foi que grande empres\u00e1rio foi a favor de direito do trabalhador? Nunca vi na hist\u00f3ria. Se dependesse deles, seria escala 7&#215;0. Se dependesse de muitos deles, n\u00e3o teria sido nem promulgada a Lei \u00c1urea neste pa\u00eds.\u201d<\/p><\/blockquote>\n<p>No fim do ano passado, o Pal\u00e1cio do Planalto \u201cerradicou escala a 6&#215;1\u201d para os trabalhadores terceirizados na Presid\u00eancia da Rep\u00fablica, como o pessoal que presta servi\u00e7o na copa e na limpeza.<\/p>\n<p>\u201cS\u00e3o centenas de trabalhadores no Pal\u00e1cio do Planalto e, em dezembro, a gente assinou o fim da escala 6&#215;1. Todos esses trabalhadores est\u00e3o no m\u00e1ximo na escala 5&#215;2\u201d, garantiu Boulos.<\/p>\n<p>&nbsp;<\/p>\n<div class=\"dnd-widget-wrapper context-cheio_8colunas type-image\">\n<div class=\"dnd-atom-rendered\"><img decoding=\"async\" title=\"Tomaz Silva\/Ag\u00eancia Brasil\" src=\"https:\/\/imagens.ebc.com.br\/I6T5cdUe4YCbzMkhlXzlA5khnUo=\/754x0\/smart\/https:\/\/agenciabrasil.ebc.com.br\/sites\/default\/files\/thumbnails\/image\/2025\/05\/01\/toms8668.jpg?itok=R-V6BbNy\" alt=\"Rio de Janeiro (RJ), 01\/05\/2025 \u2013 Ato do Dia do Trabalhador pede o fim da escala 6x1 e melhores condi\u00e7\u00f5es de trabalho e renda, na Cinel\u00e2ndia, no centro da capital fluminense. Foto: Tomaz Silva\/Ag\u00eancia Brasil\" \/><\/div>\n<\/div>\n<div>Fonte: Ag\u00eancia Brasil<\/div>\n","protected":false},"excerpt":{"rendered":"<p>O ministro da Secretaria-Geral da Presid\u00eancia da Rep\u00fablica, Guilherme Boulos, afirmou nesta ter\u00e7a-feira (27) ter a\u00a0expectativa\u00a0de que o fim da\u00a0escala 6&#215;1 seja aprovado ainda neste&#8230;<\/p>\n","protected":false},"author":1527,"featured_media":63694,"comment_status":"closed","ping_status":"closed","sticky":false,"template":"","format":"standard","meta":{"footnotes":""},"categories":[6],"tags":[],"class_list":["post-63693","post","type-post","status-publish","format-standard","has-post-thumbnail","hentry","category-noticias"],"_links":{"self":[{"href":"https:\/\/www.sincomam.org.br\/index.php\/wp-json\/wp\/v2\/posts\/63693","targetHints":{"allow":["GET"]}}],"collection":[{"href":"https:\/\/www.sincomam.org.br\/index.php\/wp-json\/wp\/v2\/posts"}],"about":[{"href":"https:\/\/www.sincomam.org.br\/index.php\/wp-json\/wp\/v2\/types\/post"}],"author":[{"embeddable":true,"href":"https:\/\/www.sincomam.org.br\/index.php\/wp-json\/wp\/v2\/users\/1527"}],"replies":[{"embeddable":true,"href":"https:\/\/www.sincomam.org.br\/index.php\/wp-json\/wp\/v2\/comments?post=63693"}],"version-history":[{"count":1,"href":"https:\/\/www.sincomam.org.br\/index.php\/wp-json\/wp\/v2\/posts\/63693\/revisions"}],"predecessor-version":[{"id":63695,"href":"https:\/\/www.sincomam.org.br\/index.php\/wp-json\/wp\/v2\/posts\/63693\/revisions\/63695"}],"wp:featuredmedia":[{"embeddable":true,"href":"https:\/\/www.sincomam.org.br\/index.php\/wp-json\/wp\/v2\/media\/63694"}],"wp:attachment":[{"href":"https:\/\/www.sincomam.org.br\/index.php\/wp-json\/wp\/v2\/media?parent=63693"}],"wp:term":[{"taxonomy":"category","embeddable":true,"href":"https:\/\/www.sincomam.org.br\/index.php\/wp-json\/wp\/v2\/categories?post=63693"},{"taxonomy":"post_tag","embeddable":true,"href":"https:\/\/www.sincomam.org.br\/index.php\/wp-json\/wp\/v2\/tags?post=63693"}],"curies":[{"name":"wp","href":"https:\/\/api.w.org\/{rel}","templated":true}]}}