{"id":63687,"date":"2026-01-29T08:38:19","date_gmt":"2026-01-29T11:38:19","guid":{"rendered":"https:\/\/www.sincomam.org.br\/?p=63687"},"modified":"2026-01-28T14:40:11","modified_gmt":"2026-01-28T17:40:11","slug":"pecem-recebe-selo-de-sustentabilidade-por-reuso-de-agua-de-estacao-de-tratamento-de-esgoto","status":"publish","type":"post","link":"https:\/\/www.sincomam.org.br\/index.php\/pecem-recebe-selo-de-sustentabilidade-por-reuso-de-agua-de-estacao-de-tratamento-de-esgoto\/","title":{"rendered":"Pec\u00e9m recebe selo de sustentabilidade por reuso de \u00e1gua de esta\u00e7\u00e3o de tratamento de esgoto"},"content":{"rendered":"<p>O Minist\u00e9rio de Portos e Aeroportos (MPor) anunciou, nesta ter\u00e7a-feira (27), a entrega ao Porto de Pec\u00e9m, no Cear\u00e1, do Selo de Sustentabilidade na categoria Bronze por seu projeto de reuso da \u00e1gua de sua esta\u00e7\u00e3o de tratamento de esgoto para irrigar \u00e1reas verdes e regar as flores de seus jardins.<\/p>\n<p>No terminal cearense, cada um dos seis jardins \u00e9 irrigado diariamente com \u00e1gua de cisterna espec\u00edfica, com capacidade para armazenar tr\u00eas mil litros e abastecida pela esta\u00e7\u00e3o de tratamento. O volume \u00e9 usado na limpeza e manuten\u00e7\u00e3o das \u00e1reas verdes e nos vasos sanit\u00e1rios, e o sistema de reuso do porto do tem capacidade para at\u00e9 1.200 metros c\u00fabico por m\u00eas.<\/p>\n<p>O gerente de manuten\u00e7\u00e3o do Complexo do Pec\u00e9m, Marco Ximenes, explicou que o reuso da \u00e1gua faz parte do projeto de sustentabilidade para reduzir os impactos causados pela atividade do terminal, que \u00e9 offshore. A autoridade portu\u00e1ria informou que est\u00e1 em desenvolvimento projeto para reaproveitamento dos res\u00edduos s\u00f3lidos da esta\u00e7\u00e3o de tratamento de esgoto para fins de compostagem.<\/p>\n<p>Segundo ele, o projeto-piloto ser\u00e1 iniciado em 2026 com inciativas para que o material s\u00f3lido da esta\u00e7\u00e3o de tratamento seja usado como adubo nos jardins. Al\u00e9m disso, h\u00e1 previs\u00e3o de que os restos de alimentos do restaurante tamb\u00e9m passem por compostagem para adubar as \u00e1reas verdes.<\/p>\n<p>Fonte: Portos e Navios<\/p>\n","protected":false},"excerpt":{"rendered":"<p>O Minist\u00e9rio de Portos e Aeroportos (MPor) anunciou, nesta ter\u00e7a-feira (27), a entrega ao Porto de Pec\u00e9m, no Cear\u00e1, do Selo de Sustentabilidade na categoria&#8230;<\/p>\n","protected":false},"author":1527,"featured_media":63688,"comment_status":"closed","ping_status":"closed","sticky":false,"template":"","format":"standard","meta":{"footnotes":""},"categories":[6],"tags":[],"class_list":["post-63687","post","type-post","status-publish","format-standard","has-post-thumbnail","hentry","category-noticias"],"_links":{"self":[{"href":"https:\/\/www.sincomam.org.br\/index.php\/wp-json\/wp\/v2\/posts\/63687","targetHints":{"allow":["GET"]}}],"collection":[{"href":"https:\/\/www.sincomam.org.br\/index.php\/wp-json\/wp\/v2\/posts"}],"about":[{"href":"https:\/\/www.sincomam.org.br\/index.php\/wp-json\/wp\/v2\/types\/post"}],"author":[{"embeddable":true,"href":"https:\/\/www.sincomam.org.br\/index.php\/wp-json\/wp\/v2\/users\/1527"}],"replies":[{"embeddable":true,"href":"https:\/\/www.sincomam.org.br\/index.php\/wp-json\/wp\/v2\/comments?post=63687"}],"version-history":[{"count":1,"href":"https:\/\/www.sincomam.org.br\/index.php\/wp-json\/wp\/v2\/posts\/63687\/revisions"}],"predecessor-version":[{"id":63689,"href":"https:\/\/www.sincomam.org.br\/index.php\/wp-json\/wp\/v2\/posts\/63687\/revisions\/63689"}],"wp:featuredmedia":[{"embeddable":true,"href":"https:\/\/www.sincomam.org.br\/index.php\/wp-json\/wp\/v2\/media\/63688"}],"wp:attachment":[{"href":"https:\/\/www.sincomam.org.br\/index.php\/wp-json\/wp\/v2\/media?parent=63687"}],"wp:term":[{"taxonomy":"category","embeddable":true,"href":"https:\/\/www.sincomam.org.br\/index.php\/wp-json\/wp\/v2\/categories?post=63687"},{"taxonomy":"post_tag","embeddable":true,"href":"https:\/\/www.sincomam.org.br\/index.php\/wp-json\/wp\/v2\/tags?post=63687"}],"curies":[{"name":"wp","href":"https:\/\/api.w.org\/{rel}","templated":true}]}}