{"id":63684,"date":"2026-01-29T08:30:13","date_gmt":"2026-01-29T11:30:13","guid":{"rendered":"https:\/\/www.sincomam.org.br\/?p=63684"},"modified":"2026-01-28T14:38:13","modified_gmt":"2026-01-28T17:38:13","slug":"anemoi-instala-4-velas-de-rotor-dobraveis-em-graneleiro-da-berge-bulk","status":"publish","type":"post","link":"https:\/\/www.sincomam.org.br\/index.php\/anemoi-instala-4-velas-de-rotor-dobraveis-em-graneleiro-da-berge-bulk\/","title":{"rendered":"Anemoi instala 4 velas de rotor dobr\u00e1veis em graneleiro da Berge Bulk"},"content":{"rendered":"<p>A Berge Bulk e a Anemoi Marine Technologies anunciaram, nesta ter\u00e7a-feira (27), a instala\u00e7\u00e3o no graneleiro\u00a0<em>Berge Meru<\/em>, com capacidade de 208.000 toneladas, de quatro velas de rotor dobr\u00e1veis com cinco metros de di\u00e2metro e 35 metros de altura. Os equipamentos foram instalados no estaleiros Yiu Lian, na China, em dezembro de 2025, e a Berge Bulk informou que o navio j\u00e1 fez sua primeira viagem, para Cingapura.<\/p>\n<p>Segundo a Anemoi, as velas de rotor fornecidas pela empresa s\u00e3o projetadas para aproveitar a energia e\u00f3lica e fornecer propuls\u00e3o auxiliar, reduzindo o consumo de combust\u00edvel e as emiss\u00f5es associadas. Em junho de 2024, a companhia j\u00e1 havia entregado quatro equipamentos do tipo, que foram instalados no\u00a0<em>Berge Neblina<\/em>, classe\u00a0<em>Valemax<\/em>\u00a0da Berge Bulk, que foi o primeiro navio da armadora equipado com essa tecnologia.<\/p>\n<p>De acordo com a fabricante, as velas de rotor dobr\u00e1veis podem ser abaixadas quando necess\u00e1rio, proporcionando flexibilidade para opera\u00e7\u00f5es portu\u00e1rias e restri\u00e7\u00f5es de altura livre, mantendo o desempenho no mar. Mas, em condi\u00e7\u00f5es clim\u00e1ticas extremas, n\u00e3o precisam ser dobradas, pois param de gerar propuls\u00e3o quando desligadas.<\/p>\n<p>Clare Urmston, CEO da Anemoi Marine Technologies, disse estar orgulhosa por concluir o segundo projeto com a Berge Bulk e instalar velas de rotor dobr\u00e1veis de grande escala em mais uma embarca\u00e7\u00e3o. \u201cO\u00a0<em>Berge Meru<\/em>\u00a0demonstra como a propuls\u00e3o e\u00f3lica pode ser integrada a graneleiros comerciais de forma pr\u00e1tica e operacionalmente flex\u00edvel\u201d, afirmou.<\/p>\n<p>Fonte: Portos e Navios<\/p>\n","protected":false},"excerpt":{"rendered":"<p>A Berge Bulk e a Anemoi Marine Technologies anunciaram, nesta ter\u00e7a-feira (27), a instala\u00e7\u00e3o no graneleiro\u00a0Berge Meru, com capacidade de 208.000 toneladas, de quatro velas&#8230;<\/p>\n","protected":false},"author":1527,"featured_media":63685,"comment_status":"closed","ping_status":"closed","sticky":false,"template":"","format":"standard","meta":{"footnotes":""},"categories":[6],"tags":[],"class_list":["post-63684","post","type-post","status-publish","format-standard","has-post-thumbnail","hentry","category-noticias"],"_links":{"self":[{"href":"https:\/\/www.sincomam.org.br\/index.php\/wp-json\/wp\/v2\/posts\/63684","targetHints":{"allow":["GET"]}}],"collection":[{"href":"https:\/\/www.sincomam.org.br\/index.php\/wp-json\/wp\/v2\/posts"}],"about":[{"href":"https:\/\/www.sincomam.org.br\/index.php\/wp-json\/wp\/v2\/types\/post"}],"author":[{"embeddable":true,"href":"https:\/\/www.sincomam.org.br\/index.php\/wp-json\/wp\/v2\/users\/1527"}],"replies":[{"embeddable":true,"href":"https:\/\/www.sincomam.org.br\/index.php\/wp-json\/wp\/v2\/comments?post=63684"}],"version-history":[{"count":1,"href":"https:\/\/www.sincomam.org.br\/index.php\/wp-json\/wp\/v2\/posts\/63684\/revisions"}],"predecessor-version":[{"id":63686,"href":"https:\/\/www.sincomam.org.br\/index.php\/wp-json\/wp\/v2\/posts\/63684\/revisions\/63686"}],"wp:featuredmedia":[{"embeddable":true,"href":"https:\/\/www.sincomam.org.br\/index.php\/wp-json\/wp\/v2\/media\/63685"}],"wp:attachment":[{"href":"https:\/\/www.sincomam.org.br\/index.php\/wp-json\/wp\/v2\/media?parent=63684"}],"wp:term":[{"taxonomy":"category","embeddable":true,"href":"https:\/\/www.sincomam.org.br\/index.php\/wp-json\/wp\/v2\/categories?post=63684"},{"taxonomy":"post_tag","embeddable":true,"href":"https:\/\/www.sincomam.org.br\/index.php\/wp-json\/wp\/v2\/tags?post=63684"}],"curies":[{"name":"wp","href":"https:\/\/api.w.org\/{rel}","templated":true}]}}