{"id":63649,"date":"2026-01-27T09:22:51","date_gmt":"2026-01-27T12:22:51","guid":{"rendered":"https:\/\/www.sincomam.org.br\/?p=63649"},"modified":"2026-01-27T09:22:51","modified_gmt":"2026-01-27T12:22:51","slug":"seminario-da-antaq-apresenta-funcionalidades-dos-paineis-aquaviarios","status":"publish","type":"post","link":"https:\/\/www.sincomam.org.br\/index.php\/seminario-da-antaq-apresenta-funcionalidades-dos-paineis-aquaviarios\/","title":{"rendered":"Semin\u00e1rio da ANTAQ apresenta funcionalidades dos Pain\u00e9is Aquavi\u00e1rios"},"content":{"rendered":"<p>Ag\u00eancia Nacional de Transportes Aquavi\u00e1rios (ANTAQ) realizar\u00e1, dia 30 de janeiro, uma apresenta\u00e7\u00e3o para aprofundar o uso de dados que fortalecem a regula\u00e7\u00e3o e a tomada de decis\u00f5es no setor. Trata-se do Semin\u00e1rio de Informa\u00e7\u00f5es Aquavi\u00e1rias, que ocorrer\u00e1 no plen\u00e1rio da Ag\u00eancia, em Bras\u00edlia (DF), mas que ser\u00e1 transmitido tamb\u00e9m pelo\u00a0<a href=\"https:\/\/www.youtube.com\/live\/w9HpALnJjns\">canal da ANTAQ<\/a>\u00a0no Youtube. A abertura contar\u00e1 com a presen\u00e7a do Diretor-Geral, Frederico Dias.<\/p>\n<p>No evento, ser\u00e3o apresentados tr\u00eas pain\u00e9is diferentes e estrat\u00e9gicos para compreens\u00e3o do setor: o Painel Estat\u00edstico Aquavi\u00e1rio, os Pain\u00e9is de Instala\u00e7\u00f5es Privadas &#8211; onde h\u00e1 o Painel Principal e o de Publica\u00e7\u00f5es,\u00a0 al\u00e9m do Painel de Outorgas da Navega\u00e7\u00e3o. A ideia \u00e9 apresentar para o p\u00fablico externo e interno &#8211; incluindo os novos servidores empossados no \u00faltimo concurso, o potencial que cada um desses pain\u00e9is tem: \u201cN\u00f3s temos muito material, muita informa\u00e7\u00e3o que n\u00e3o \u00e9 trivial. Tem servidor antigo que n\u00e3o conhece os pain\u00e9is com profundidade, ent\u00e3o, um dos objetivos \u00e9 trazer luz a essas ferramentas que auxiliam na an\u00e1lise do setor, na an\u00e1lise de desempenho operacional e conhecimento sobre os fluxos aquavi\u00e1rios\u201d, pontuou o idealizador do Semin\u00e1rio, o Superintendente de Estudos e Projetos Aquavi\u00e1rios, Eduardo Queiroz.<\/p>\n<p><b>ESTAT\u00cdSTICO AQUAVI\u00c1RIO<\/b><\/p>\n<p>Ele \u00e9 o reposit\u00f3rio de informa\u00e7\u00f5es operacionais do setor. Com o Estat\u00edstico Aquavi\u00e1rio, pode-se entender a din\u00e2mica nacional da \u00e1rea, seja nas navega\u00e7\u00f5es ou nos terminais regulados pela Ag\u00eancia. Por meio do Estat\u00edstico, a ANTAQ opera com excel\u00eancia em sua fun\u00e7\u00e3o de fiscaliza\u00e7\u00e3o, al\u00e9m de instrumentalizar suas a\u00e7\u00f5es com maior precis\u00e3o: \u201c\u00c9 uma ferramenta de trabalho que minimiza assimetrias de forma\u00e7\u00e3o e gera conhecimento sobre setor e, tamb\u00e9m, trabalha como farol para o desenvolvimento de pol\u00edticas p\u00fablicas do setor aquavi\u00e1rio\u201d, disse Queiroz.<\/p>\n<p><b>OUTORGAS DE NAVEGA\u00c7\u00c3O<\/b><\/p>\n<p>\u00c9 um painel que possui uma fun\u00e7\u00e3o dupla: serve para facilitar o acesso dos servidores ao agregado de informa\u00e7\u00f5es das empresas brasileiras de navega\u00e7\u00e3o e suas respectivas frotas, al\u00e9m de permitir aos usu\u00e1rios e operadores a din\u00e2mica das navega\u00e7\u00f5es comerciais reguladas pela Ag\u00eancia. Por meio dessa ferramenta \u00e9 poss\u00edvel extrair padr\u00f5es, entender as din\u00e2micas dessas empresas e das navega\u00e7\u00f5es &#8211; inclusive as navega\u00e7\u00f5es voltadas ao transporte de passageiros. Com esse painel, o interessado obt\u00e9m informa\u00e7\u00f5es sobre todas as linhas, operadores e embarca\u00e7\u00f5es dispon\u00edveis &#8211; o que acaba se tornando uma grande ferramenta para os usu\u00e1rios, principalmente os passageiros, que ter\u00e3o conhecimento sobre as linhas existentes, embarca\u00e7\u00f5es e seus respectivos dias e hor\u00e1rios. J\u00e1 as\u00a0 empresas de navega\u00e7\u00e3o, conseguem acompanhar as movimenta\u00e7\u00f5es do mercado, buscando subs\u00eddios para melhor competir e fornecer melhores servi\u00e7os.<\/p>\n<p><b>PAIN\u00c9IS DE TERMINAIS PRIVADOS<\/b><\/p>\n<p>Trata-se de dois pain\u00e9is que buscam fornecer um conjunto de informa\u00e7\u00f5es sobre os terminais privados regulados pela ANTAQ. Al\u00e9m de ser um instrumento de transpar\u00eancia ativa aos pedidos de novos terminais privados e aos registros de instala\u00e7\u00f5es portu\u00e1rias, nessas ferramentas encontram-se as principais caracter\u00edsticas dos terminais como, por exemplo, o perfil de carga autorizado e o investimento previsto. \u201cTanto o painel de Outorgas de Navega\u00e7\u00e3o e quanto o de Instala\u00e7\u00f5es Portu\u00e1rias s\u00e3o instrumentos que auxiliam usu\u00e1rios internos e externos a melhor compreender o setor aquavi\u00e1rio nacional. Os dois pain\u00e9is de instala\u00e7\u00f5es privadas tamb\u00e9m s\u00e3o voltados para o acompanhamento processual dos pleitos sob an\u00e1lise ou j\u00e1 finalizados pela Ag\u00eancia. Eles disponibilizam, ainda, um conjunto de informa\u00e7\u00f5es sobre essas instala\u00e7\u00f5es, o que facilita a an\u00e1lise do MPor e atrai olhares de potenciais interessados nas instala\u00e7\u00f5es\u201d, concluiu o Superintendente.<\/p>\n<p><b>SERVI\u00c7O:<br \/>\n<\/b><\/p>\n<p><b>Semin\u00e1rio de Informa\u00e7\u00f5es Aquavi\u00e1rias<\/b><\/p>\n<p><b>EVENTO H\u00cdBRIDO<\/p>\n<p>DATA:\u00a0<\/b>30 de janeiro<br \/>\n<b>HOR\u00c1RIO:<\/b>\u00a09h \u00e0s 12h<\/p>\n<p><b>. Participa\u00e7\u00e3o presencial<\/b>: Plen\u00e1rio da Ag\u00eancia \u2013 Bras\u00edlia (DF)<br \/>\n<b>. Participa\u00e7\u00e3o Virtual<\/b>: Canal da ANTAQ no\u00a0<i>YouTube<\/i><\/p>\n<p><i><br \/>\n<\/i><b>PROGRAMA\u00c7\u00c3O<\/p>\n<p><\/b><\/p>\n<p><b>9h \u2013 Abertura<br \/>\n<\/b>Frederico Dias, Diretor-Geral da ANTAQ<\/p>\n<p><b>9h15 &#8211; Painel de Outorgas da Navega\u00e7\u00e3o<br \/>\n<\/b>Eduardo Queiroz, Superintendente de Estudos e Projetos Hidrovi\u00e1rios (SEPH)<\/p>\n<p><b>10h \u2013 Painel Estat\u00edstico Aquavi\u00e1rio<br \/>\n<\/b>An\u00edbal Dur\u00e3es, Chefe da Divis\u00e3o de Pain\u00e9is e Publica\u00e7\u00f5es (DPP\/GEA\/SESGI)<\/p>\n<p><b>11h &#8211; Painel de Instala\u00e7\u00f5es Privadas e Painel de Publica\u00e7\u00e3o<br \/>\n<\/b>Eduardo Queiroz, Superintendente de Estudos e Projetos Hidrovi\u00e1rios (SEPH)<\/p>\n<p>Fonte: Antaq<\/p>\n","protected":false},"excerpt":{"rendered":"<p>Ag\u00eancia Nacional de Transportes Aquavi\u00e1rios (ANTAQ) realizar\u00e1, dia 30 de janeiro, uma apresenta\u00e7\u00e3o para aprofundar o uso de dados que fortalecem a regula\u00e7\u00e3o e a&#8230;<\/p>\n","protected":false},"author":1527,"featured_media":63650,"comment_status":"closed","ping_status":"closed","sticky":false,"template":"","format":"standard","meta":{"footnotes":""},"categories":[6],"tags":[],"class_list":["post-63649","post","type-post","status-publish","format-standard","has-post-thumbnail","hentry","category-noticias"],"_links":{"self":[{"href":"https:\/\/www.sincomam.org.br\/index.php\/wp-json\/wp\/v2\/posts\/63649","targetHints":{"allow":["GET"]}}],"collection":[{"href":"https:\/\/www.sincomam.org.br\/index.php\/wp-json\/wp\/v2\/posts"}],"about":[{"href":"https:\/\/www.sincomam.org.br\/index.php\/wp-json\/wp\/v2\/types\/post"}],"author":[{"embeddable":true,"href":"https:\/\/www.sincomam.org.br\/index.php\/wp-json\/wp\/v2\/users\/1527"}],"replies":[{"embeddable":true,"href":"https:\/\/www.sincomam.org.br\/index.php\/wp-json\/wp\/v2\/comments?post=63649"}],"version-history":[{"count":1,"href":"https:\/\/www.sincomam.org.br\/index.php\/wp-json\/wp\/v2\/posts\/63649\/revisions"}],"predecessor-version":[{"id":63651,"href":"https:\/\/www.sincomam.org.br\/index.php\/wp-json\/wp\/v2\/posts\/63649\/revisions\/63651"}],"wp:featuredmedia":[{"embeddable":true,"href":"https:\/\/www.sincomam.org.br\/index.php\/wp-json\/wp\/v2\/media\/63650"}],"wp:attachment":[{"href":"https:\/\/www.sincomam.org.br\/index.php\/wp-json\/wp\/v2\/media?parent=63649"}],"wp:term":[{"taxonomy":"category","embeddable":true,"href":"https:\/\/www.sincomam.org.br\/index.php\/wp-json\/wp\/v2\/categories?post=63649"},{"taxonomy":"post_tag","embeddable":true,"href":"https:\/\/www.sincomam.org.br\/index.php\/wp-json\/wp\/v2\/tags?post=63649"}],"curies":[{"name":"wp","href":"https:\/\/api.w.org\/{rel}","templated":true}]}}