{"id":63621,"date":"2026-01-26T10:10:11","date_gmt":"2026-01-26T13:10:11","guid":{"rendered":"https:\/\/www.sincomam.org.br\/?p=63621"},"modified":"2026-01-26T10:10:11","modified_gmt":"2026-01-26T13:10:11","slug":"agencias-do-inss-fecham-de-quarta-a-sexta-feira-desta-semana","status":"publish","type":"post","link":"https:\/\/www.sincomam.org.br\/index.php\/agencias-do-inss-fecham-de-quarta-a-sexta-feira-desta-semana\/","title":{"rendered":"Ag\u00eancias do INSS fecham de quarta a sexta-feira desta semana"},"content":{"rendered":"<p>As ag\u00eancias do Instituto Nacional do Seguro Social (INSS) em todo o pa\u00eds estar\u00e3o fechadas de quarta (28) a sexta-feira (30) para atendimento presencial em raz\u00e3o de melhorias programadas nos sistemas previdenci\u00e1rios da Dataprev, empresa respons\u00e1vel pela tecnologia da informa\u00e7\u00e3o da Previd\u00eancia Social.<img decoding=\"async\" src=\"https:\/\/agenciabrasil.ebc.com.br\/ebc.png?id=1676005&amp;o=node\" \/><img decoding=\"async\" src=\"https:\/\/agenciabrasil.ebc.com.br\/ebc.gif?id=1676005&amp;o=node\" \/><\/p>\n<p><strong>Vale lembrar que os canais remotos de atendimento, como o\u00a0<a href=\"https:\/\/meu.inss.gov.br\/#\/login\" target=\"_blank\" rel=\"noopener\">Meu INSS<\/a>\u00a0(<em>site<\/em>\u00a0e aplicativo ) e a central telef\u00f4nica 135, funcionar\u00e3o normalmente at\u00e9 o dia 27, com mais de 100 servi\u00e7os dispon\u00edveis.<\/strong><\/p>\n<p><strong>O INSS alerta ainda que, a partir das 19h do dia 27 at\u00e9 o dia 31 de janeiro, o Meu INSS (<em>site<\/em>\u00a0e aplicativo) e a central telef\u00f4nica 135\u00a0ficar\u00e3o indispon\u00edveis.<\/strong><\/p>\n<p><strong>A medida, segundo o instituto, \u00e9 necess\u00e1ria para a moderniza\u00e7\u00e3o dos sistemas, de modo a assegurar maior estabilidade, seguran\u00e7a e efici\u00eancia dos servi\u00e7os.<\/strong><\/p>\n<p>Para reduzir os impactos aos cidad\u00e3os, o INSS realizou atendimento\u00a0extra no \u00faltimo final de semana, \u201ccom o objetivo de antecipar agendamentos e compensar a suspens\u00e3o tempor\u00e1ria do servi\u00e7o\u00a0presencial\u201d.<\/p>\n<p>O instituto informou\u00a0ainda que garantiu o reencaixe\u00a0nos casos em que o benefici\u00e1rio preferiu receber atendimento presencial em dia \u00fatil.<\/p>\n<p>Fonte: Ag\u00eancia Brasil<\/p>\n","protected":false},"excerpt":{"rendered":"<p>As ag\u00eancias do Instituto Nacional do Seguro Social (INSS) em todo o pa\u00eds estar\u00e3o fechadas de quarta (28) a sexta-feira (30) para atendimento presencial em&#8230;<\/p>\n","protected":false},"author":1527,"featured_media":63622,"comment_status":"closed","ping_status":"closed","sticky":false,"template":"","format":"standard","meta":{"footnotes":""},"categories":[6],"tags":[],"class_list":["post-63621","post","type-post","status-publish","format-standard","has-post-thumbnail","hentry","category-noticias"],"_links":{"self":[{"href":"https:\/\/www.sincomam.org.br\/index.php\/wp-json\/wp\/v2\/posts\/63621","targetHints":{"allow":["GET"]}}],"collection":[{"href":"https:\/\/www.sincomam.org.br\/index.php\/wp-json\/wp\/v2\/posts"}],"about":[{"href":"https:\/\/www.sincomam.org.br\/index.php\/wp-json\/wp\/v2\/types\/post"}],"author":[{"embeddable":true,"href":"https:\/\/www.sincomam.org.br\/index.php\/wp-json\/wp\/v2\/users\/1527"}],"replies":[{"embeddable":true,"href":"https:\/\/www.sincomam.org.br\/index.php\/wp-json\/wp\/v2\/comments?post=63621"}],"version-history":[{"count":1,"href":"https:\/\/www.sincomam.org.br\/index.php\/wp-json\/wp\/v2\/posts\/63621\/revisions"}],"predecessor-version":[{"id":63623,"href":"https:\/\/www.sincomam.org.br\/index.php\/wp-json\/wp\/v2\/posts\/63621\/revisions\/63623"}],"wp:featuredmedia":[{"embeddable":true,"href":"https:\/\/www.sincomam.org.br\/index.php\/wp-json\/wp\/v2\/media\/63622"}],"wp:attachment":[{"href":"https:\/\/www.sincomam.org.br\/index.php\/wp-json\/wp\/v2\/media?parent=63621"}],"wp:term":[{"taxonomy":"category","embeddable":true,"href":"https:\/\/www.sincomam.org.br\/index.php\/wp-json\/wp\/v2\/categories?post=63621"},{"taxonomy":"post_tag","embeddable":true,"href":"https:\/\/www.sincomam.org.br\/index.php\/wp-json\/wp\/v2\/tags?post=63621"}],"curies":[{"name":"wp","href":"https:\/\/api.w.org\/{rel}","templated":true}]}}