{"id":63618,"date":"2026-01-26T10:08:33","date_gmt":"2026-01-26T13:08:33","guid":{"rendered":"https:\/\/www.sincomam.org.br\/?p=63618"},"modified":"2026-01-26T10:08:33","modified_gmt":"2026-01-26T13:08:33","slug":"navio-veleiro-cisne-branco-celebra-480-anos-de-santos-com-visitas","status":"publish","type":"post","link":"https:\/\/www.sincomam.org.br\/index.php\/navio-veleiro-cisne-branco-celebra-480-anos-de-santos-com-visitas\/","title":{"rendered":"Navio Veleiro Cisne Branco celebra 480 anos de Santos com visitas"},"content":{"rendered":"<p data-start=\"136\" data-end=\"556\">O tradicional\u00a0<strong data-start=\"194\" data-end=\"218\">Veleiro Cisne Branco<\/strong>, da\u00a0<strong data-start=\"223\" data-end=\"264\"><span class=\"hover:entity-accent entity-underline inline cursor-pointer align-baseline\"><span class=\"whitespace-normal\">Marinha do Brasil<\/span><\/span><\/strong>, atracou no\u00a0<strong data-start=\"277\" data-end=\"318\"><span class=\"hover:entity-accent entity-underline inline cursor-pointer align-baseline\"><span class=\"whitespace-normal\">Porto de Santos<\/span><\/span><\/strong>\u00a0e estar\u00e1 aberto para\u00a0<strong data-start=\"340\" data-end=\"362\">visita\u00e7\u00e3o gratuita<\/strong>\u00a0neste domingo (25) e na segunda-feira (26). A a\u00e7\u00e3o integra as comemora\u00e7\u00f5es pelos\u00a0<strong data-start=\"444\" data-end=\"476\">480 anos da cidade de Santos<\/strong>\u00a0e aproxima a popula\u00e7\u00e3o de um dos maiores s\u00edmbolos da tradi\u00e7\u00e3o naval brasileira.<\/p>\n<h3 data-start=\"563\" data-end=\"629\"><strong data-start=\"567\" data-end=\"629\">O papel hist\u00f3rico e diplom\u00e1tico do Veleiro Cisne Branco<\/strong><\/h3>\n<p data-start=\"630\" data-end=\"963\">Constru\u00eddo na\u00a0<strong data-start=\"644\" data-end=\"655\">Holanda<\/strong>\u00a0em 1998 e incorporado \u00e0 Marinha em 2000, o\u00a0<strong data-start=\"699\" data-end=\"723\">Veleiro Cisne Branco<\/strong>\u00a0\u00e9 considerado o\u00a0<strong data-start=\"740\" data-end=\"772\">navio-veleiro representativo<\/strong>\u00a0da For\u00e7a Naval brasileira. Em sua viagem inaugural, percorreu a hist\u00f3rica\u00a0<strong data-start=\"847\" data-end=\"872\">Rota do Descobrimento<\/strong>, navegando de Portugal ao\u00a0Brasil\u00a0em homenagem aos\u00a0<strong data-start=\"923\" data-end=\"962\">500 anos da chegada dos portugueses<\/strong>.<\/p>\n<p data-start=\"965\" data-end=\"1286\">Atualmente, o navio cumpre miss\u00f5es de\u00a0<strong data-start=\"1003\" data-end=\"1043\">diplomacia naval e rela\u00e7\u00f5es p\u00fablicas<\/strong>, representando o Brasil em eventos n\u00e1uticos nacionais e internacionais. Sua presen\u00e7a em portos brasileiros tamb\u00e9m refor\u00e7a a\u00a0<strong data-start=\"1168\" data-end=\"1192\">mentalidade mar\u00edtima<\/strong>, valor estrat\u00e9gico para um pa\u00eds com extensa costa e forte depend\u00eancia do transporte mar\u00edtimo.<\/p>\n<h3 data-start=\"1293\" data-end=\"1360\"><strong data-start=\"1297\" data-end=\"1360\">Visita\u00e7\u00e3o p\u00fablica, cidadania e aproxima\u00e7\u00e3o com a Marinha<\/strong><\/h3>\n<p data-start=\"1361\" data-end=\"1699\">A abertura do Cisne Branco \u00e0 visita\u00e7\u00e3o permite que o p\u00fablico conhe\u00e7a de perto a\u00a0<strong data-start=\"1441\" data-end=\"1459\">rotina a bordo<\/strong>, os camarotes, conveses e a organiza\u00e7\u00e3o da vida naval. Mais do que um passeio cultural, a iniciativa fortalece a\u00a0<strong data-start=\"1573\" data-end=\"1624\">rela\u00e7\u00e3o entre a\u00a0Marinha do Brasil\u00a0e a sociedade<\/strong>, despertando interesse pela carreira naval e pelo papel do poder mar\u00edtimo.<\/p>\n<p data-start=\"1701\" data-end=\"1953\">Durante os dias de visita\u00e7\u00e3o, a tripula\u00e7\u00e3o tamb\u00e9m promove uma\u00a0<strong data-start=\"1763\" data-end=\"1781\">a\u00e7\u00e3o solid\u00e1ria<\/strong>, arrecadando\u00a0<strong data-start=\"1795\" data-end=\"1833\">fraldas e alimentos n\u00e3o perec\u00edveis<\/strong>. As doa\u00e7\u00f5es ser\u00e3o destinadas a\u00a0<strong data-start=\"1865\" data-end=\"1904\">institui\u00e7\u00f5es beneficentes da regi\u00e3o<\/strong>, refor\u00e7ando o compromisso social da For\u00e7a Naval.<\/p>\n<h3 data-start=\"1960\" data-end=\"2022\"><strong data-start=\"1964\" data-end=\"2022\">Santos, tradi\u00e7\u00e3o mar\u00edtima e celebra\u00e7\u00e3o dos 480 anos<\/strong><\/h3>\n<p data-start=\"2023\" data-end=\"2315\">A presen\u00e7a do Cisne Branco no\u00a0<strong data-start=\"2053\" data-end=\"2072\">Cais da Marinha<\/strong>, em Santos, dialoga diretamente com a hist\u00f3ria da cidade, que cresceu e se desenvolveu em torno do\u00a0<strong data-start=\"2172\" data-end=\"2181\">porto<\/strong>, o maior da Am\u00e9rica Latina. A visita integra o calend\u00e1rio comemorativo pelos\u00a0<strong data-start=\"2259\" data-end=\"2281\">480 anos de Santos<\/strong>, celebrando sua voca\u00e7\u00e3o mar\u00edtima.<\/p>\n<p data-start=\"2317\" data-end=\"2536\">Ao abrir um navio hist\u00f3rico ao p\u00fablico, a Marinha contribui para a\u00a0<strong data-start=\"2384\" data-end=\"2431\">valoriza\u00e7\u00e3o da identidade mar\u00edtima nacional<\/strong>, transformando a celebra\u00e7\u00e3o do anivers\u00e1rio da cidade em uma experi\u00eancia educativa, cultural e simb\u00f3lica.<\/p>\n<div class=\"code-block code-block-2\"><\/div>\n<div>Fonte: Defesa em Foco<\/div>\n","protected":false},"excerpt":{"rendered":"<p>O tradicional\u00a0Veleiro Cisne Branco, da\u00a0Marinha do Brasil, atracou no\u00a0Porto de Santos\u00a0e estar\u00e1 aberto para\u00a0visita\u00e7\u00e3o gratuita\u00a0neste domingo (25) e na segunda-feira (26). A a\u00e7\u00e3o integra as&#8230;<\/p>\n","protected":false},"author":1527,"featured_media":63619,"comment_status":"closed","ping_status":"closed","sticky":false,"template":"","format":"standard","meta":{"footnotes":""},"categories":[6],"tags":[],"class_list":["post-63618","post","type-post","status-publish","format-standard","has-post-thumbnail","hentry","category-noticias"],"_links":{"self":[{"href":"https:\/\/www.sincomam.org.br\/index.php\/wp-json\/wp\/v2\/posts\/63618","targetHints":{"allow":["GET"]}}],"collection":[{"href":"https:\/\/www.sincomam.org.br\/index.php\/wp-json\/wp\/v2\/posts"}],"about":[{"href":"https:\/\/www.sincomam.org.br\/index.php\/wp-json\/wp\/v2\/types\/post"}],"author":[{"embeddable":true,"href":"https:\/\/www.sincomam.org.br\/index.php\/wp-json\/wp\/v2\/users\/1527"}],"replies":[{"embeddable":true,"href":"https:\/\/www.sincomam.org.br\/index.php\/wp-json\/wp\/v2\/comments?post=63618"}],"version-history":[{"count":1,"href":"https:\/\/www.sincomam.org.br\/index.php\/wp-json\/wp\/v2\/posts\/63618\/revisions"}],"predecessor-version":[{"id":63620,"href":"https:\/\/www.sincomam.org.br\/index.php\/wp-json\/wp\/v2\/posts\/63618\/revisions\/63620"}],"wp:featuredmedia":[{"embeddable":true,"href":"https:\/\/www.sincomam.org.br\/index.php\/wp-json\/wp\/v2\/media\/63619"}],"wp:attachment":[{"href":"https:\/\/www.sincomam.org.br\/index.php\/wp-json\/wp\/v2\/media?parent=63618"}],"wp:term":[{"taxonomy":"category","embeddable":true,"href":"https:\/\/www.sincomam.org.br\/index.php\/wp-json\/wp\/v2\/categories?post=63618"},{"taxonomy":"post_tag","embeddable":true,"href":"https:\/\/www.sincomam.org.br\/index.php\/wp-json\/wp\/v2\/tags?post=63618"}],"curies":[{"name":"wp","href":"https:\/\/api.w.org\/{rel}","templated":true}]}}