{"id":63603,"date":"2026-01-23T11:47:22","date_gmt":"2026-01-23T14:47:22","guid":{"rendered":"https:\/\/www.sincomam.org.br\/?p=63603"},"modified":"2026-01-23T11:47:22","modified_gmt":"2026-01-23T14:47:22","slug":"agencias-do-inss-abrem-para-atendimento-extra-neste-sabado-e-domingo","status":"publish","type":"post","link":"https:\/\/www.sincomam.org.br\/index.php\/agencias-do-inss-abrem-para-atendimento-extra-neste-sabado-e-domingo\/","title":{"rendered":"Ag\u00eancias do INSS abrem para atendimento extra neste s\u00e1bado e domingo"},"content":{"rendered":"<p>As ag\u00eancias do Instituto Nacional do Seguro Social (INSS) em todo o pa\u00eds abrir\u00e3o para atendimento presencial extra neste s\u00e1bado (24) e domingo (25).\u00a0<strong>O objetivo \u00e9 antecipar agendamentos e compensar a suspens\u00e3o dos servi\u00e7os presenciais dos dias 28, 29 e 30 de janeiro.<\/strong><img decoding=\"async\" src=\"https:\/\/agenciabrasil.ebc.com.br\/ebc.png?id=1675701&amp;o=node\" \/><img decoding=\"async\" src=\"https:\/\/agenciabrasil.ebc.com.br\/ebc.gif?id=1675701&amp;o=node\" \/><\/p>\n<p>O INSS informou que, nos casos em que o benefici\u00e1rio preferir atendimento em um dia \u00fatil, ser\u00e1 providenciado o reencaixe.<\/p>\n<p><strong>Os canais remotos de atendimento como o\u00a0<a href=\"http:\/\/https\/\/meu.inss.gov.br\/#\/login\" target=\"_blank\" rel=\"noopener\">Meu INSS<\/a>, por site e aplicativo, e a central telef\u00f4nica 135, funcionar\u00e3o normalmente at\u00e9 o dia 27, com mais de 100 servi\u00e7os dispon\u00edveis.<\/strong><\/p>\n<h2>Manuten\u00e7\u00e3o<\/h2>\n<p>Na pr\u00f3xima quarta-feira (28), quinta-feira (29) e sexta-feira (30) as ag\u00eancias do INSS em todo o pa\u00eds estar\u00e3o fechadas para atendimento presencial em raz\u00e3o de melhorias programadas nos sistemas previdenci\u00e1rios da Dataprev, empresa respons\u00e1vel pela tecnologia da informa\u00e7\u00e3o da Previd\u00eancia Social.<\/p>\n<p><strong>Os canais remotos de atendimento Meu INSS (site e aplicativo) e a central telef\u00f4nica 135 tamb\u00e9m ficar\u00e3o indispon\u00edveis a partir das 19h do dia 27 at\u00e9 o dia 31.<\/strong><\/p>\n<p>A medida, segundo o INSS, \u00e9 necess\u00e1ria para a moderniza\u00e7\u00e3o dos sistemas, para assegurar maior estabilidade, seguran\u00e7a e efici\u00eancia dos servi\u00e7os.<\/p>\n<p>Fonte: Ag\u00eancia Brasil<\/p>\n","protected":false},"excerpt":{"rendered":"<p>As ag\u00eancias do Instituto Nacional do Seguro Social (INSS) em todo o pa\u00eds abrir\u00e3o para atendimento presencial extra neste s\u00e1bado (24) e domingo (25).\u00a0O objetivo&#8230;<\/p>\n","protected":false},"author":1527,"featured_media":63604,"comment_status":"closed","ping_status":"closed","sticky":false,"template":"","format":"standard","meta":{"footnotes":""},"categories":[6],"tags":[],"class_list":["post-63603","post","type-post","status-publish","format-standard","has-post-thumbnail","hentry","category-noticias"],"_links":{"self":[{"href":"https:\/\/www.sincomam.org.br\/index.php\/wp-json\/wp\/v2\/posts\/63603","targetHints":{"allow":["GET"]}}],"collection":[{"href":"https:\/\/www.sincomam.org.br\/index.php\/wp-json\/wp\/v2\/posts"}],"about":[{"href":"https:\/\/www.sincomam.org.br\/index.php\/wp-json\/wp\/v2\/types\/post"}],"author":[{"embeddable":true,"href":"https:\/\/www.sincomam.org.br\/index.php\/wp-json\/wp\/v2\/users\/1527"}],"replies":[{"embeddable":true,"href":"https:\/\/www.sincomam.org.br\/index.php\/wp-json\/wp\/v2\/comments?post=63603"}],"version-history":[{"count":1,"href":"https:\/\/www.sincomam.org.br\/index.php\/wp-json\/wp\/v2\/posts\/63603\/revisions"}],"predecessor-version":[{"id":63605,"href":"https:\/\/www.sincomam.org.br\/index.php\/wp-json\/wp\/v2\/posts\/63603\/revisions\/63605"}],"wp:featuredmedia":[{"embeddable":true,"href":"https:\/\/www.sincomam.org.br\/index.php\/wp-json\/wp\/v2\/media\/63604"}],"wp:attachment":[{"href":"https:\/\/www.sincomam.org.br\/index.php\/wp-json\/wp\/v2\/media?parent=63603"}],"wp:term":[{"taxonomy":"category","embeddable":true,"href":"https:\/\/www.sincomam.org.br\/index.php\/wp-json\/wp\/v2\/categories?post=63603"},{"taxonomy":"post_tag","embeddable":true,"href":"https:\/\/www.sincomam.org.br\/index.php\/wp-json\/wp\/v2\/tags?post=63603"}],"curies":[{"name":"wp","href":"https:\/\/api.w.org\/{rel}","templated":true}]}}