{"id":63583,"date":"2026-01-23T09:59:32","date_gmt":"2026-01-23T12:59:32","guid":{"rendered":"https:\/\/www.sincomam.org.br\/?p=63583"},"modified":"2026-01-23T09:59:32","modified_gmt":"2026-01-23T12:59:32","slug":"portos-dos-acores-abrem-concorrencia-internacional-para-compra-de-rebocadores-eletricos","status":"publish","type":"post","link":"https:\/\/www.sincomam.org.br\/index.php\/portos-dos-acores-abrem-concorrencia-internacional-para-compra-de-rebocadores-eletricos\/","title":{"rendered":"Portos dos A\u00e7ores abrem concorr\u00eancia internacional para compra de rebocadores el\u00e9tricos"},"content":{"rendered":"<p>A Portos dos A\u00e7ores, que administra terminais portu\u00e1rios no Arquip\u00e9lago dos A\u00e7ores, territ\u00f3rio portugu\u00eas no Oceano Atl\u00e2ntico, anunciou concorr\u00eancia p\u00fablica internacional para a compra de dois rebocadores el\u00e9tricos com capacidade de 70 toneladas. As embarca\u00e7\u00f5es ser\u00e3o do tipo sem limita\u00e7\u00f5es de navega\u00e7\u00e3o e destinadas a manobras de atraca\u00e7\u00e3o, reboques costeiros, combate a inc\u00eandios e outras opera\u00e7\u00f5es.<\/p>\n<p>Al\u00e9m das embarca\u00e7\u00f5es, o edital da concorr\u00eancia exige que o fabricante forne\u00e7a, para instala\u00e7\u00e3o nos portos de Ponta Delgada e Praia da Vit\u00f3ria, duas unidades de carregamento de energia el\u00e9trica pr\u00e9-fabricadas e alojadas em cont\u00eaineres de 20 p\u00e9s. O pre\u00e7o estimado para o contrato \u00e9 de 30 milh\u00f5es de euros, equivalentes a aproximadamente 186 milh\u00f5es de reais.<\/p>\n<p>De acordo com a administra\u00e7\u00e3o portu\u00e1ria, os novos rebocadores v\u00e3o substituir quatro usados atualmente no Arquip\u00e9lago e que j\u00e1 n\u00e3o atendem \u00e0s necessidades operacionais, dos quais tr\u00eas est\u00e3o pr\u00f3ximos do fim de sua vida \u00fatil, e se juntar a outros tr\u00eas que ser\u00e3o mantidos em opera\u00e7\u00e3o.<\/p>\n<p>A empresa explicou ainda que a compra de rebocadores el\u00e9tricos busca a descarboniza\u00e7\u00e3o e atende \u00e0s orienta\u00e7\u00f5es do governo regional de ampliar a eletrifica\u00e7\u00e3o das opera\u00e7\u00f5es portu\u00e1rias, aproveitando energias renov\u00e1veis produzidas nas ilhas dos A\u00e7ores, como a geotermia, a e\u00f3lica e a solar.<\/p>\n<p>Fonte:\u00a0Revista Portos e Navios<\/p>\n","protected":false},"excerpt":{"rendered":"<p>A Portos dos A\u00e7ores, que administra terminais portu\u00e1rios no Arquip\u00e9lago dos A\u00e7ores, territ\u00f3rio portugu\u00eas no Oceano Atl\u00e2ntico, anunciou concorr\u00eancia p\u00fablica internacional para a compra de&#8230;<\/p>\n","protected":false},"author":1527,"featured_media":63584,"comment_status":"closed","ping_status":"closed","sticky":false,"template":"","format":"standard","meta":{"footnotes":""},"categories":[6],"tags":[],"class_list":["post-63583","post","type-post","status-publish","format-standard","has-post-thumbnail","hentry","category-noticias"],"_links":{"self":[{"href":"https:\/\/www.sincomam.org.br\/index.php\/wp-json\/wp\/v2\/posts\/63583","targetHints":{"allow":["GET"]}}],"collection":[{"href":"https:\/\/www.sincomam.org.br\/index.php\/wp-json\/wp\/v2\/posts"}],"about":[{"href":"https:\/\/www.sincomam.org.br\/index.php\/wp-json\/wp\/v2\/types\/post"}],"author":[{"embeddable":true,"href":"https:\/\/www.sincomam.org.br\/index.php\/wp-json\/wp\/v2\/users\/1527"}],"replies":[{"embeddable":true,"href":"https:\/\/www.sincomam.org.br\/index.php\/wp-json\/wp\/v2\/comments?post=63583"}],"version-history":[{"count":1,"href":"https:\/\/www.sincomam.org.br\/index.php\/wp-json\/wp\/v2\/posts\/63583\/revisions"}],"predecessor-version":[{"id":63585,"href":"https:\/\/www.sincomam.org.br\/index.php\/wp-json\/wp\/v2\/posts\/63583\/revisions\/63585"}],"wp:featuredmedia":[{"embeddable":true,"href":"https:\/\/www.sincomam.org.br\/index.php\/wp-json\/wp\/v2\/media\/63584"}],"wp:attachment":[{"href":"https:\/\/www.sincomam.org.br\/index.php\/wp-json\/wp\/v2\/media?parent=63583"}],"wp:term":[{"taxonomy":"category","embeddable":true,"href":"https:\/\/www.sincomam.org.br\/index.php\/wp-json\/wp\/v2\/categories?post=63583"},{"taxonomy":"post_tag","embeddable":true,"href":"https:\/\/www.sincomam.org.br\/index.php\/wp-json\/wp\/v2\/tags?post=63583"}],"curies":[{"name":"wp","href":"https:\/\/api.w.org\/{rel}","templated":true}]}}