{"id":63577,"date":"2026-01-22T12:33:24","date_gmt":"2026-01-22T15:33:24","guid":{"rendered":"https:\/\/www.sincomam.org.br\/?p=63577"},"modified":"2026-01-22T12:33:24","modified_gmt":"2026-01-22T15:33:24","slug":"fmm-destina-r-23-bilhoes-a-construcao-de-6-psvs-no-navship","status":"publish","type":"post","link":"https:\/\/www.sincomam.org.br\/index.php\/fmm-destina-r-23-bilhoes-a-construcao-de-6-psvs-no-navship\/","title":{"rendered":"FMM destina R$ 2,3 bilh\u00f5es \u00e0 constru\u00e7\u00e3o de 6 PSVs no Navship"},"content":{"rendered":"<p>O Minist\u00e9rio de Portos e Aeroportos (MPor) anunciou, nesta quarta-feira (21), a aprova\u00e7\u00e3o de financiamento de R$ 2,3 bilh\u00f5es com recursos do Fundo da Marinha Mercante (FMM) para a constru\u00e7\u00e3o de seis PSVs (transporte de suprimentos) no estaleiro Navship, em Navegantes (SC). Segundo o MPor, gestor do fundo setorial, R$ 134 milh\u00f5es j\u00e1 foram liberados at\u00e9 o momento. O Banco Nacional de Desenvolvimento Econ\u00f4mico e Social (BNDES) \u00e9 o agente financeiro dessa opera\u00e7\u00e3o.<\/p>\n<p>O minist\u00e9rio destacou que as embarca\u00e7\u00f5es contar\u00e3o com tecnologia h\u00edbrida, com sistemas flex\u00edveis de combust\u00edvel e solu\u00e7\u00f5es de armazenamento de energia, capazes de reduzir emiss\u00f5es e ampliar a efici\u00eancia operacional, em alinhamento \u00e0 agenda de sustentabilidade e transi\u00e7\u00e3o energ\u00e9tica do setor naval. As obras no estaleiro do grupo norte-americano Edison Chouest t\u00eam previs\u00e3o de gera\u00e7\u00e3o de mais de 1.200 empregos diretos.<\/p>\n<p>Ao comentar a encomenda das embarca\u00e7\u00f5es, o secret\u00e1rio nacional de hidrovias e navega\u00e7\u00e3o do MPor, Otto Luiz Burlier, ressaltou a import\u00e2ncia da parceria entre o setor p\u00fablico e a iniciativa privada e o papel estrat\u00e9gico do FMM para o desenvolvimento do pa\u00eds. \u201cEste \u00e9 um exemplo de parceria p\u00fablico-privada. Temos batido recordes na utiliza\u00e7\u00e3o dos recursos do FMM porque o objetivo \u00e9 gerar emprego, renda e fortalecer uma ind\u00fastria estrat\u00e9gica\u201d, disse.<\/p>\n<p>Fonte:\u00a0Revista Portos e Navios<\/p>\n","protected":false},"excerpt":{"rendered":"<p>O Minist\u00e9rio de Portos e Aeroportos (MPor) anunciou, nesta quarta-feira (21), a aprova\u00e7\u00e3o de financiamento de R$ 2,3 bilh\u00f5es com recursos do Fundo da Marinha&#8230;<\/p>\n","protected":false},"author":1527,"featured_media":63578,"comment_status":"closed","ping_status":"closed","sticky":false,"template":"","format":"standard","meta":{"footnotes":""},"categories":[6],"tags":[],"class_list":["post-63577","post","type-post","status-publish","format-standard","has-post-thumbnail","hentry","category-noticias"],"_links":{"self":[{"href":"https:\/\/www.sincomam.org.br\/index.php\/wp-json\/wp\/v2\/posts\/63577","targetHints":{"allow":["GET"]}}],"collection":[{"href":"https:\/\/www.sincomam.org.br\/index.php\/wp-json\/wp\/v2\/posts"}],"about":[{"href":"https:\/\/www.sincomam.org.br\/index.php\/wp-json\/wp\/v2\/types\/post"}],"author":[{"embeddable":true,"href":"https:\/\/www.sincomam.org.br\/index.php\/wp-json\/wp\/v2\/users\/1527"}],"replies":[{"embeddable":true,"href":"https:\/\/www.sincomam.org.br\/index.php\/wp-json\/wp\/v2\/comments?post=63577"}],"version-history":[{"count":1,"href":"https:\/\/www.sincomam.org.br\/index.php\/wp-json\/wp\/v2\/posts\/63577\/revisions"}],"predecessor-version":[{"id":63579,"href":"https:\/\/www.sincomam.org.br\/index.php\/wp-json\/wp\/v2\/posts\/63577\/revisions\/63579"}],"wp:featuredmedia":[{"embeddable":true,"href":"https:\/\/www.sincomam.org.br\/index.php\/wp-json\/wp\/v2\/media\/63578"}],"wp:attachment":[{"href":"https:\/\/www.sincomam.org.br\/index.php\/wp-json\/wp\/v2\/media?parent=63577"}],"wp:term":[{"taxonomy":"category","embeddable":true,"href":"https:\/\/www.sincomam.org.br\/index.php\/wp-json\/wp\/v2\/categories?post=63577"},{"taxonomy":"post_tag","embeddable":true,"href":"https:\/\/www.sincomam.org.br\/index.php\/wp-json\/wp\/v2\/tags?post=63577"}],"curies":[{"name":"wp","href":"https:\/\/api.w.org\/{rel}","templated":true}]}}