{"id":63559,"date":"2026-01-21T12:19:02","date_gmt":"2026-01-21T15:19:02","guid":{"rendered":"https:\/\/www.sincomam.org.br\/?p=63559"},"modified":"2026-01-21T12:19:02","modified_gmt":"2026-01-21T15:19:02","slug":"marinha-apoia-procissao-fluvial-em-penedo-e-reforca-seguranca","status":"publish","type":"post","link":"https:\/\/www.sincomam.org.br\/index.php\/marinha-apoia-procissao-fluvial-em-penedo-e-reforca-seguranca\/","title":{"rendered":"Marinha apoia prociss\u00e3o fluvial em Penedo e refor\u00e7a seguran\u00e7a"},"content":{"rendered":"<p data-start=\"483\" data-end=\"782\">A\u00a0<strong data-start=\"488\" data-end=\"529\"><span class=\"hover:entity-accent entity-underline inline cursor-pointer align-baseline\"><span class=\"whitespace-normal\">Ag\u00eancia Fluvial de Penedo<\/span><\/span><\/strong>\u00a0apoiou, no dia\u00a0<strong data-start=\"545\" data-end=\"562\">11 de janeiro<\/strong>, a\u00a0<strong data-start=\"566\" data-end=\"620\">142\u00aa Prociss\u00e3o Fluvial do Bom Jesus dos Navegantes<\/strong>, tradicional manifesta\u00e7\u00e3o religiosa realizada no munic\u00edpio de\u00a0<strong data-start=\"683\" data-end=\"724\"><span class=\"hover:entity-accent entity-underline inline cursor-pointer align-baseline\"><span class=\"whitespace-normal\">Penedo<\/span><\/span><\/strong>, \u00e0s margens do\u00a0<strong data-start=\"740\" data-end=\"781\"><span class=\"hover:entity-accent entity-underline inline cursor-pointer align-baseline\"><span class=\"whitespace-normal\">Rio S\u00e3o Francisco<\/span><\/span><\/strong>.<\/p>\n<p data-start=\"784\" data-end=\"1080\">Integrante do calend\u00e1rio religioso local, o evento reuniu milhares de fi\u00e9is de diferentes regi\u00f5es de\u00a0<strong data-start=\"888\" data-end=\"899\">Alagoas<\/strong>\u00a0e de estados vizinhos, reafirmando a\u00a0<strong data-start=\"937\" data-end=\"982\">forte devo\u00e7\u00e3o das comunidades ribeirinhas<\/strong>\u00a0ao padroeiro e protetor dos pescadores, em um dos trechos mais emblem\u00e1ticos do \u201c<strong data-start=\"1063\" data-end=\"1078\">Velho Chico<\/strong>\u201d.<\/p>\n<h3 data-start=\"1558\" data-end=\"1612\"><strong data-start=\"1565\" data-end=\"1612\">Apoio da Marinha e inspe\u00e7\u00e3o das embarca\u00e7\u00f5es<\/strong><\/h3>\n<p>Durante o evento, as equipes da Ag\u00eancia Fluvial de Penedo realizaram a\u00a0<strong data-start=\"1684\" data-end=\"1728\">inspe\u00e7\u00e3o naval de mais de 50 embarca\u00e7\u00f5es<\/strong>\u00a0que participaram da prociss\u00e3o fluvial, garantindo que estivessem em conformidade com as\u00a0<strong data-start=\"1817\" data-end=\"1850\">Normas da Autoridade Mar\u00edtima<\/strong>.<\/p>\n<p data-start=\"1853\" data-end=\"2020\">Al\u00e9m das vistorias, os militares acompanharam toda a movimenta\u00e7\u00e3o n\u00e1utica, assegurando que o tr\u00e1fego fluvial ocorresse de forma ordenada e segura ao longo do percurso.<\/p>\n<h3 data-start=\"2022\" data-end=\"2077\"><strong data-start=\"2029\" data-end=\"2077\">Seguran\u00e7a da navega\u00e7\u00e3o e preven\u00e7\u00e3o ambiental<\/strong><\/h3>\n<p data-start=\"2078\" data-end=\"2346\">A prociss\u00e3o percorreu aproximadamente\u00a0<strong data-start=\"2116\" data-end=\"2134\">15 quil\u00f4metros<\/strong>\u00a0pelo trecho do\u00a0<strong data-start=\"2150\" data-end=\"2173\">Baixo S\u00e3o Francisco<\/strong>, sendo acompanhada de perto pelas equipes de Inspe\u00e7\u00e3o Naval, que atuaram para\u00a0<strong data-start=\"2252\" data-end=\"2272\">evitar acidentes<\/strong>,\u00a0<strong data-start=\"2274\" data-end=\"2305\">prevenir a polui\u00e7\u00e3o h\u00eddrica<\/strong>\u00a0e garantir a prote\u00e7\u00e3o dos participantes.<\/p>\n<p data-start=\"2348\" data-end=\"2525\">A atua\u00e7\u00e3o preventiva refor\u00e7a o papel da Marinha na\u00a0<strong data-start=\"2399\" data-end=\"2444\">gest\u00e3o da seguran\u00e7a da navega\u00e7\u00e3o interior<\/strong>, especialmente em eventos que concentram grande n\u00famero de embarca\u00e7\u00f5es e pessoas.<\/p>\n<h3 data-start=\"2527\" data-end=\"2597\"><strong data-start=\"2534\" data-end=\"2597\">Tradi\u00e7\u00e3o religiosa e integra\u00e7\u00e3o com comunidades ribeirinhas<\/strong><\/h3>\n<p data-start=\"2598\" data-end=\"2820\">Mais do que uma opera\u00e7\u00e3o de seguran\u00e7a, o apoio da Marinha \u00e0 prociss\u00e3o evidencia a\u00a0<strong data-start=\"2680\" data-end=\"2724\">integra\u00e7\u00e3o institucional com a sociedade<\/strong>, respeitando e valorizando as\u00a0<strong data-start=\"2755\" data-end=\"2791\">tradi\u00e7\u00f5es culturais e religiosas<\/strong>\u00a0das comunidades ribeirinhas.<\/p>\n<p data-start=\"2822\" data-end=\"2998\">A devo\u00e7\u00e3o ao\u00a0<strong data-start=\"2835\" data-end=\"2863\">Bom Jesus dos Navegantes<\/strong>\u00a0simboliza a rela\u00e7\u00e3o hist\u00f3rica entre o povo do S\u00e3o Francisco e o rio, refor\u00e7ando sentimentos de\u00a0<strong data-start=\"2959\" data-end=\"2997\">f\u00e9, gratid\u00e3o e identidade regional<\/strong>.<\/p>\n<p data-start=\"2822\" data-end=\"2998\">Fonte: Defesa em Foco<\/p>\n","protected":false},"excerpt":{"rendered":"<p>A\u00a0Ag\u00eancia Fluvial de Penedo\u00a0apoiou, no dia\u00a011 de janeiro, a\u00a0142\u00aa Prociss\u00e3o Fluvial do Bom Jesus dos Navegantes, tradicional manifesta\u00e7\u00e3o religiosa realizada no munic\u00edpio de\u00a0Penedo, \u00e0s margens&#8230;<\/p>\n","protected":false},"author":1527,"featured_media":63560,"comment_status":"closed","ping_status":"closed","sticky":false,"template":"","format":"standard","meta":{"footnotes":""},"categories":[6],"tags":[],"class_list":["post-63559","post","type-post","status-publish","format-standard","has-post-thumbnail","hentry","category-noticias"],"_links":{"self":[{"href":"https:\/\/www.sincomam.org.br\/index.php\/wp-json\/wp\/v2\/posts\/63559","targetHints":{"allow":["GET"]}}],"collection":[{"href":"https:\/\/www.sincomam.org.br\/index.php\/wp-json\/wp\/v2\/posts"}],"about":[{"href":"https:\/\/www.sincomam.org.br\/index.php\/wp-json\/wp\/v2\/types\/post"}],"author":[{"embeddable":true,"href":"https:\/\/www.sincomam.org.br\/index.php\/wp-json\/wp\/v2\/users\/1527"}],"replies":[{"embeddable":true,"href":"https:\/\/www.sincomam.org.br\/index.php\/wp-json\/wp\/v2\/comments?post=63559"}],"version-history":[{"count":1,"href":"https:\/\/www.sincomam.org.br\/index.php\/wp-json\/wp\/v2\/posts\/63559\/revisions"}],"predecessor-version":[{"id":63561,"href":"https:\/\/www.sincomam.org.br\/index.php\/wp-json\/wp\/v2\/posts\/63559\/revisions\/63561"}],"wp:featuredmedia":[{"embeddable":true,"href":"https:\/\/www.sincomam.org.br\/index.php\/wp-json\/wp\/v2\/media\/63560"}],"wp:attachment":[{"href":"https:\/\/www.sincomam.org.br\/index.php\/wp-json\/wp\/v2\/media?parent=63559"}],"wp:term":[{"taxonomy":"category","embeddable":true,"href":"https:\/\/www.sincomam.org.br\/index.php\/wp-json\/wp\/v2\/categories?post=63559"},{"taxonomy":"post_tag","embeddable":true,"href":"https:\/\/www.sincomam.org.br\/index.php\/wp-json\/wp\/v2\/tags?post=63559"}],"curies":[{"name":"wp","href":"https:\/\/api.w.org\/{rel}","templated":true}]}}