{"id":63532,"date":"2026-01-19T08:27:09","date_gmt":"2026-01-19T11:27:09","guid":{"rendered":"https:\/\/www.sincomam.org.br\/?p=63532"},"modified":"2026-01-19T08:27:09","modified_gmt":"2026-01-19T11:27:09","slug":"censipam-amplia-cooperacao-com-a-marinha-na-vigilancia-maritima","status":"publish","type":"post","link":"https:\/\/www.sincomam.org.br\/index.php\/censipam-amplia-cooperacao-com-a-marinha-na-vigilancia-maritima\/","title":{"rendered":"Censipam amplia coopera\u00e7\u00e3o com a Marinha na vigil\u00e2ncia mar\u00edtima"},"content":{"rendered":"<p>O\u00a0<strong data-start=\"198\" data-end=\"250\"><span class=\"hover:entity-accent entity-underline inline cursor-pointer align-baseline\"><span class=\"whitespace-normal\">Centro Gestor e Operacional do Sistema de Prote\u00e7\u00e3o da Amaz\u00f4nia<\/span><\/span>\u00a0(Censipam)<\/strong>\u00a0ampliou a coopera\u00e7\u00e3o t\u00e9cnica com a\u00a0<strong data-start=\"286\" data-end=\"327\"><span class=\"hover:entity-accent entity-underline inline cursor-pointer align-baseline\"><span class=\"whitespace-normal\">Marinha do Brasil<\/span><\/span><\/strong>\u00a0com foco no\u00a0<strong data-start=\"340\" data-end=\"374\">monitoramento da Amaz\u00f4nia Azul<\/strong>, na detec\u00e7\u00e3o de\u00a0<strong data-start=\"391\" data-end=\"410\">manchas de \u00f3leo<\/strong>\u00a0e na identifica\u00e7\u00e3o de\u00a0<strong data-start=\"433\" data-end=\"466\">embarca\u00e7\u00f5es n\u00e3o colaborativas<\/strong>. A iniciativa foi refor\u00e7ada durante visita institucional do Chefe de Estado-Maior da Armada, Almirante de Esquadra\u00a0<strong data-start=\"582\" data-end=\"623\"><span class=\"hover:entity-accent entity-underline inline cursor-pointer align-baseline\"><span class=\"whitespace-normal\">Arthur Fernando Bettega Corr\u00eaa<\/span><\/span><\/strong>, realizada em\u00a0<strong data-start=\"638\" data-end=\"650\">Bras\u00edlia<\/strong>, no dia\u00a0<strong data-start=\"659\" data-end=\"684\">13 de janeiro de 2026<\/strong>.<\/p>\n<p data-start=\"687\" data-end=\"990\">A agenda consolidou o\u00a0<strong data-start=\"709\" data-end=\"741\">acordo de coopera\u00e7\u00e3o t\u00e9cnica<\/strong>\u00a0entre as institui\u00e7\u00f5es, fortalecendo a atua\u00e7\u00e3o integrada do Estado brasileiro na\u00a0<strong data-start=\"822\" data-end=\"847\">prote\u00e7\u00e3o da soberania<\/strong>, dos\u00a0<strong data-start=\"853\" data-end=\"874\">recursos naturais<\/strong>\u00a0e das\u00a0<strong data-start=\"881\" data-end=\"903\">\u00e1reas estrat\u00e9gicas<\/strong>\u00a0sob responsabilidade nacional, em conson\u00e2ncia com a\u00a0<strong data-start=\"956\" data-end=\"989\">Estrat\u00e9gia Nacional de Defesa<\/strong>.<\/p>\n<h2 data-start=\"997\" data-end=\"1084\"><strong data-start=\"1001\" data-end=\"1082\">Integra\u00e7\u00e3o tecnol\u00f3gica para vigil\u00e2ncia da Amaz\u00f4nia Azul<\/strong><\/h2>\n<p data-start=\"1085\" data-end=\"1520\">A coopera\u00e7\u00e3o ampliada potencializa o emprego de\u00a0<strong data-start=\"1133\" data-end=\"1157\">sensoriamento remoto<\/strong>,\u00a0<strong data-start=\"1159\" data-end=\"1177\">sensores radar<\/strong>,\u00a0<strong data-start=\"1179\" data-end=\"1208\">an\u00e1lise avan\u00e7ada de dados<\/strong>\u00a0e\u00a0<strong data-start=\"1211\" data-end=\"1238\">intelig\u00eancia artificial<\/strong>, permitindo maior precis\u00e3o na\u00a0<strong data-start=\"1269\" data-end=\"1294\">detec\u00e7\u00e3o automatizada<\/strong>\u00a0de manchas de \u00f3leo e no acompanhamento de\u00a0<strong data-start=\"1337\" data-end=\"1370\">embarca\u00e7\u00f5es n\u00e3o colaborativas<\/strong>\u00a0no espa\u00e7o mar\u00edtimo brasileiro. Essas capacidades elevam a\u00a0<strong data-start=\"1429\" data-end=\"1465\">consci\u00eancia situacional mar\u00edtima<\/strong>\u00a0e reduzem o tempo de resposta a incidentes ambientais.<\/p>\n<p data-start=\"1522\" data-end=\"1835\">No contexto da\u00a0Amaz\u00f4nia Azul, foi apresentada a parceria com a\u00a0<strong data-start=\"1585\" data-end=\"1626\"><span class=\"hover:entity-accent entity-underline inline cursor-pointer align-baseline\"><span class=\"whitespace-normal\">Universidade Federal da Bahia<\/span><\/span><\/strong>, voltada ao desenvolvimento de uma\u00a0<strong data-start=\"1662\" data-end=\"1686\">plataforma integrada<\/strong>\u00a0que combina imagens de sat\u00e9lite, radar e\u00a0<strong data-start=\"1728\" data-end=\"1750\">modelagem num\u00e9rica<\/strong>\u00a0para\u00a0<strong data-start=\"1756\" data-end=\"1781\">previs\u00e3o de dispers\u00e3o<\/strong>\u00a0de \u00f3leo, apoiando a\u00e7\u00f5es r\u00e1pidas e coordenadas no mar.<\/p>\n<h2 data-start=\"1842\" data-end=\"1918\"><strong data-start=\"1846\" data-end=\"1916\">Coopera\u00e7\u00e3o interag\u00eancias e apoio \u00e0 tomada de decis\u00e3o<\/strong><\/h2>\n<p data-start=\"1919\" data-end=\"2331\">Durante a apresenta\u00e7\u00e3o institucional, o Diretor-Geral do Censipam,\u00a0<strong data-start=\"1986\" data-end=\"2013\">Richard Fernandez Nunes<\/strong>, destacou o papel do Centro como\u00a0<strong data-start=\"2047\" data-end=\"2101\">plataforma integradora de informa\u00e7\u00f5es estrat\u00e9gicas<\/strong>, apoiando a tomada de decis\u00e3o de \u00f3rg\u00e3os de\u00a0<strong data-start=\"2145\" data-end=\"2155\">defesa<\/strong>,\u00a0<strong data-start=\"2157\" data-end=\"2170\">seguran\u00e7a<\/strong>\u00a0e\u00a0<strong data-start=\"2173\" data-end=\"2195\">prote\u00e7\u00e3o ambiental<\/strong>. A amplia\u00e7\u00e3o do interc\u00e2mbio de dados com a Marinha fortalece a\u00a0<strong data-start=\"2259\" data-end=\"2290\">execu\u00e7\u00e3o de a\u00e7\u00f5es conjuntas<\/strong>\u00a0e a\u00a0<strong data-start=\"2295\" data-end=\"2330\">capacita\u00e7\u00e3o de recursos humanos<\/strong>.<\/p>\n<p data-start=\"2333\" data-end=\"2546\">Para o Almirante Bettega, a integra\u00e7\u00e3o \u00e9 essencial:\u00a0<em data-start=\"2385\" data-end=\"2428\">\u201cestar juntos nessas a\u00e7\u00f5es \u00e9 fundamental\u201d<\/em>, afirmou, ressaltando a import\u00e2ncia do alinhamento operacional para enfrentar desafios complexos no dom\u00ednio mar\u00edtimo.<\/p>\n<h2 data-start=\"2553\" data-end=\"2640\"><strong data-start=\"2557\" data-end=\"2638\">Prote\u00e7\u00e3o ambiental, soberania e Estrat\u00e9gia Nacional de Defesa<\/strong><\/h2>\n<p data-start=\"2641\" data-end=\"2972\">A atua\u00e7\u00e3o integrada entre Censipam e Marinha contribui diretamente para a\u00a0<strong data-start=\"2715\" data-end=\"2737\">prote\u00e7\u00e3o ambiental<\/strong>, a\u00a0<strong data-start=\"2741\" data-end=\"2767\">seguran\u00e7a da navega\u00e7\u00e3o<\/strong>\u00a0e o\u00a0<strong data-start=\"2772\" data-end=\"2794\">combate a il\u00edcitos<\/strong>\u00a0no mar, refor\u00e7ando a soberania brasileira. O monitoramento cont\u00ednuo da Amaz\u00f4nia Azul \u00e9 decisivo para prevenir danos ambientais e assegurar o uso sustent\u00e1vel das \u00e1reas mar\u00edtimas.<\/p>\n<p data-start=\"2641\" data-end=\"2972\">A visita institucional reafirmou o compromisso com a\u00a0<strong data-start=\"3027\" data-end=\"3060\">Estrat\u00e9gia Nacional de Defesa<\/strong>\u00a0e consolidou o Censipam como\u00a0<strong data-start=\"3090\" data-end=\"3109\">eixo integrador<\/strong>\u00a0da atua\u00e7\u00e3o governamental na prote\u00e7\u00e3o da\u00a0<strong data-start=\"3150\" data-end=\"3168\">Amaz\u00f4nia Legal<\/strong>\u00a0e da\u00a0<strong data-start=\"3174\" data-end=\"3191\">Amaz\u00f4nia Azul<\/strong>, ampliando a capacidade do Estado de responder de forma coordenada e eficaz.<\/p>\n<p data-start=\"2641\" data-end=\"2972\">F0nte: Defesa em Foco<\/p>\n","protected":false},"excerpt":{"rendered":"<p>O\u00a0Centro Gestor e Operacional do Sistema de Prote\u00e7\u00e3o da Amaz\u00f4nia\u00a0(Censipam)\u00a0ampliou a coopera\u00e7\u00e3o t\u00e9cnica com a\u00a0Marinha do Brasil\u00a0com foco no\u00a0monitoramento da Amaz\u00f4nia Azul, na detec\u00e7\u00e3o de\u00a0manchas&#8230;<\/p>\n","protected":false},"author":1527,"featured_media":63533,"comment_status":"closed","ping_status":"closed","sticky":false,"template":"","format":"standard","meta":{"footnotes":""},"categories":[6],"tags":[],"class_list":["post-63532","post","type-post","status-publish","format-standard","has-post-thumbnail","hentry","category-noticias"],"_links":{"self":[{"href":"https:\/\/www.sincomam.org.br\/index.php\/wp-json\/wp\/v2\/posts\/63532","targetHints":{"allow":["GET"]}}],"collection":[{"href":"https:\/\/www.sincomam.org.br\/index.php\/wp-json\/wp\/v2\/posts"}],"about":[{"href":"https:\/\/www.sincomam.org.br\/index.php\/wp-json\/wp\/v2\/types\/post"}],"author":[{"embeddable":true,"href":"https:\/\/www.sincomam.org.br\/index.php\/wp-json\/wp\/v2\/users\/1527"}],"replies":[{"embeddable":true,"href":"https:\/\/www.sincomam.org.br\/index.php\/wp-json\/wp\/v2\/comments?post=63532"}],"version-history":[{"count":1,"href":"https:\/\/www.sincomam.org.br\/index.php\/wp-json\/wp\/v2\/posts\/63532\/revisions"}],"predecessor-version":[{"id":63534,"href":"https:\/\/www.sincomam.org.br\/index.php\/wp-json\/wp\/v2\/posts\/63532\/revisions\/63534"}],"wp:featuredmedia":[{"embeddable":true,"href":"https:\/\/www.sincomam.org.br\/index.php\/wp-json\/wp\/v2\/media\/63533"}],"wp:attachment":[{"href":"https:\/\/www.sincomam.org.br\/index.php\/wp-json\/wp\/v2\/media?parent=63532"}],"wp:term":[{"taxonomy":"category","embeddable":true,"href":"https:\/\/www.sincomam.org.br\/index.php\/wp-json\/wp\/v2\/categories?post=63532"},{"taxonomy":"post_tag","embeddable":true,"href":"https:\/\/www.sincomam.org.br\/index.php\/wp-json\/wp\/v2\/tags?post=63532"}],"curies":[{"name":"wp","href":"https:\/\/api.w.org\/{rel}","templated":true}]}}