{"id":63529,"date":"2026-01-19T08:24:18","date_gmt":"2026-01-19T11:24:18","guid":{"rendered":"https:\/\/www.sincomam.org.br\/?p=63529"},"modified":"2026-01-19T08:24:18","modified_gmt":"2026-01-19T11:24:18","slug":"governo-do-brasil-cria-programa-para-descarbonizar-portos-e-navegacao","status":"publish","type":"post","link":"https:\/\/www.sincomam.org.br\/index.php\/governo-do-brasil-cria-programa-para-descarbonizar-portos-e-navegacao\/","title":{"rendered":"Governo do Brasil cria programa para descarbonizar portos e navega\u00e7\u00e3o"},"content":{"rendered":"<div>O Governo do Brasil, por meio do Minist\u00e9rio de Portos e Aeroportos, criou o Programa Nacional de Descarboniza\u00e7\u00e3o de Portos (PND-Portos) e o Programa Nacional de Descarboniza\u00e7\u00e3o da Navega\u00e7\u00e3o (PND-Navega\u00e7\u00e3o).\u00a0A\u00a0<a href=\"https:\/\/in.gov.br\/web\/dou\/-\/portaria-n-736-de-10-de-dezembro-de-2025-674496210\" target=\"_blank\" rel=\"noopener\">Portaria n\u00ba 736<\/a>, assinada pelo ministro Silvio Costa Filho (Portos e Aeroportos), oficializa a institui\u00e7\u00e3o das duas iniciativas pode ser consultada no\u00a0<a href=\"https:\/\/in.gov.br\/web\/dou\/-\/portaria-n-736-de-10-de-dezembro-de-2025-674496210\" target=\"_blank\" rel=\"noopener\">Di\u00e1rio Oficial da Uni\u00e3o<\/a>.<\/div>\n<div><\/div>\n<div>A institui\u00e7\u00e3o do PND \u2013 Portos e do PND-Navega\u00e7\u00e3o integra iniciativas estrat\u00e9gicas para construir, de forma colaborativa com os diferentes segmentos do setor portu\u00e1rio e da navega\u00e7\u00e3o, um conjunto de diretrizes voltadas \u00e0 descarboniza\u00e7\u00e3o do sistema portu\u00e1rio e da navega\u00e7\u00e3o nacional.<\/div>\n<div><\/div>\n<div>A Secretaria Nacional de Portos ser\u00e1 a respons\u00e1vel pela estrutura\u00e7\u00e3o do PND-Portos, enquanto a Secretaria de Hidrovias e Navega\u00e7\u00e3o ter\u00e1 a responsabilidade em rela\u00e7\u00e3o ao PND-Navega\u00e7\u00e3o. Ambas devem publicar um ato com a estrutura\u00e7\u00e3o dos programas, com aten\u00e7\u00e3o \u00e0s seguintes defini\u00e7\u00f5es:<\/div>\n<div><\/div>\n<div>I. Emiss\u00f5es diretas de gases de efeito estufa \u2013 GEE da organiza\u00e7\u00e3o.<\/div>\n<div><\/div>\n<div>II. Emiss\u00f5es de GEE da organiza\u00e7\u00e3o ligadas \u00e0 gera\u00e7\u00e3o de eletricidade, calefa\u00e7\u00e3o ou refrigera\u00e7\u00e3o, ou vapor adquirido para consumo pr\u00f3prio.<\/div>\n<div><\/div>\n<p>III. Emiss\u00f5es indiretas da organiza\u00e7\u00e3o n\u00e3o inclu\u00eddas no item II.<\/p>\n<p>Fonte: Informativo dos Portos<\/p>\n","protected":false},"excerpt":{"rendered":"<p>O Governo do Brasil, por meio do Minist\u00e9rio de Portos e Aeroportos, criou o Programa Nacional de Descarboniza\u00e7\u00e3o de Portos (PND-Portos) e o Programa Nacional&#8230;<\/p>\n","protected":false},"author":1527,"featured_media":63530,"comment_status":"closed","ping_status":"closed","sticky":false,"template":"","format":"standard","meta":{"footnotes":""},"categories":[6],"tags":[],"class_list":["post-63529","post","type-post","status-publish","format-standard","has-post-thumbnail","hentry","category-noticias"],"_links":{"self":[{"href":"https:\/\/www.sincomam.org.br\/index.php\/wp-json\/wp\/v2\/posts\/63529","targetHints":{"allow":["GET"]}}],"collection":[{"href":"https:\/\/www.sincomam.org.br\/index.php\/wp-json\/wp\/v2\/posts"}],"about":[{"href":"https:\/\/www.sincomam.org.br\/index.php\/wp-json\/wp\/v2\/types\/post"}],"author":[{"embeddable":true,"href":"https:\/\/www.sincomam.org.br\/index.php\/wp-json\/wp\/v2\/users\/1527"}],"replies":[{"embeddable":true,"href":"https:\/\/www.sincomam.org.br\/index.php\/wp-json\/wp\/v2\/comments?post=63529"}],"version-history":[{"count":1,"href":"https:\/\/www.sincomam.org.br\/index.php\/wp-json\/wp\/v2\/posts\/63529\/revisions"}],"predecessor-version":[{"id":63531,"href":"https:\/\/www.sincomam.org.br\/index.php\/wp-json\/wp\/v2\/posts\/63529\/revisions\/63531"}],"wp:featuredmedia":[{"embeddable":true,"href":"https:\/\/www.sincomam.org.br\/index.php\/wp-json\/wp\/v2\/media\/63530"}],"wp:attachment":[{"href":"https:\/\/www.sincomam.org.br\/index.php\/wp-json\/wp\/v2\/media?parent=63529"}],"wp:term":[{"taxonomy":"category","embeddable":true,"href":"https:\/\/www.sincomam.org.br\/index.php\/wp-json\/wp\/v2\/categories?post=63529"},{"taxonomy":"post_tag","embeddable":true,"href":"https:\/\/www.sincomam.org.br\/index.php\/wp-json\/wp\/v2\/tags?post=63529"}],"curies":[{"name":"wp","href":"https:\/\/api.w.org\/{rel}","templated":true}]}}