{"id":63395,"date":"2026-01-14T10:38:52","date_gmt":"2026-01-14T13:38:52","guid":{"rendered":"https:\/\/www.sincomam.org.br\/?p=63395"},"modified":"2026-01-14T10:40:03","modified_gmt":"2026-01-14T13:40:03","slug":"parada-ha-dez-dias-busca-por-petroleo-na-foz-do-amazonas-segue-sem-previsao-de-retorno","status":"publish","type":"post","link":"https:\/\/www.sincomam.org.br\/index.php\/parada-ha-dez-dias-busca-por-petroleo-na-foz-do-amazonas-segue-sem-previsao-de-retorno\/","title":{"rendered":"Parada h\u00e1 dez dias, busca por petr\u00f3leo na Foz do Amazonas segue sem previs\u00e3o de retorno"},"content":{"rendered":"<p class=\"jarvics:base-text-neutral-high-400 base-text-[calc(theme(fontSize.xs)_*_var(--font-size,_1))] base-font-normal base-font-primary base-text-neutral-low-500 base-text-left\"><span class=\"b-article-body__text\">As buscas por petr\u00f3leo na\u00a0Foz do Amazonas\u00a0est\u00e3o suspensas h\u00e1 dez dias ap\u00f3s a identifica\u00e7\u00e3o de um vazamento de fluidos em um po\u00e7o da Petrobras, que fica a 175 km do Amap\u00e1.<\/span><\/p>\n<p class=\"jarvics:base-text-neutral-high-400 base-text-[calc(theme(fontSize.xs)_*_var(--font-size,_1))] base-font-normal base-font-primary base-text-neutral-low-500 base-text-left\"><span class=\"b-article-body__text\">A situa\u00e7\u00e3o levou o\u00a0Ibama\u00a0(Instituto Brasileiro do Meio Ambiente e dos Recursos Naturais) a pedir novas informa\u00e7\u00f5es \u00e0 Petrobras, a fim de avaliar as consequ\u00eancias ambientais e analisar se h\u00e1 a necessidade de aumentar o gerenciamento de risco na regi\u00e3o.<\/span><\/p>\n<p>A estatal destaca que o vazamento foi contido e nega danos ao meio ambiente, mas a situa\u00e7\u00e3o provocou novos desdobramentos jur\u00eddicos quanto \u00e0 explora\u00e7\u00e3o de petr\u00f3leo na Margem Equatorial<\/p>\n<p>No Amap\u00e1, o\u00a0MPF\u00a0(Minist\u00e9rio P\u00fablico Federal) avalia informa\u00e7\u00f5es prestadas pela Petrobras e pelo Ibama, em processo que apura se a licen\u00e7a para a explora\u00e7\u00e3o \u00e9 regular.<\/p>\n<p class=\"jarvics:base-text-neutral-high-400 base-text-[calc(theme(fontSize.xs)_*_var(--font-size,_1))] base-font-normal base-font-primary base-text-neutral-low-500 base-text-left\"><span class=\"b-article-body__text\">Ainda n\u00e3o h\u00e1 previs\u00e3o da conclus\u00e3o dessa an\u00e1lise, que pode ter como desfecho uma suspens\u00e3o da licen\u00e7a. A retomada das buscas por petr\u00f3leo tamb\u00e9m segue indefinida e depender\u00e1 do cumprimento de exig\u00eancias da ANP (Associa\u00e7\u00e3o Nacional do Petr\u00f3leo).<\/span><\/p>\n<p class=\"jarvics:base-text-neutral-high-400 base-text-[calc(theme(fontSize.xs)_*_var(--font-size,_1))] base-font-normal base-font-primary base-text-neutral-low-500 base-text-left\"><span class=\"b-article-body__text\">Organiza\u00e7\u00f5es e ambientalistas defendem que as a\u00e7\u00f5es n\u00e3o sejam retomadas e que a perfura\u00e7\u00e3o seja suspensa de forma definitiva na regi\u00e3o.<\/span><\/p>\n<p class=\"jarvics:base-text-neutral-high-400 base-text-[calc(theme(fontSize.xs)_*_var(--font-size,_1))] base-font-normal base-font-primary base-text-neutral-low-500 base-text-left\"><span class=\"b-article-body__text\">Uma nova peti\u00e7\u00e3o, assinada pelo Observat\u00f3rio do Clima, Greenpeace e WWF-Brasil, al\u00e9m de representantes da sociedade civil, foi formalizada junto \u00e0 Justi\u00e7a Federal do Amap\u00e1, com um pedido pelo fim da licen\u00e7a concedida \u00e0 Petrobras<\/span><\/p>\n<div class=\"jarvics:base-text-neutral-high-400 base-text-[calc(theme(fontSize.sm)_*_var(--font-size,_1))] base-font-semibold base-font-primary base-text-neutral-low-500 base-text-left\">\n<p class=\"jarvics:base-text-neutral-high-400 base-text-[calc(theme(fontSize.xs)_*_var(--font-size,_1))] base-font-normal base-font-primary base-text-neutral-low-500 base-text-left\"><span class=\"b-article-body__text\">O grupo sustenta que o vazamento de fluidos \u00e9 um fato novo, que motivaria a suspens\u00e3o das buscas na Margem Equatorial devido ao risco de falhas operacionais.<\/span><\/p>\n<div class=\"ad-header-size none undefined\">\n<div class=\"base-flex base-justify-center base-items-center base-relative\" data-testid=\"ad-shell\">\n<div id=\"R7_texto_3\" class=\"ad-spacing\" data-google-query-id=\"CISr1K2Ti5IDFWtU3QIdhwcmOQ\">\n<p class=\"jarvics:base-text-neutral-high-400 base-text-[calc(theme(fontSize.xs)_*_var(--font-size,_1))] base-font-normal base-font-primary base-text-neutral-low-500 base-text-left\"><span class=\"b-article-body__text\">\u201cN\u00e3o existe atividade de explora\u00e7\u00e3o de petr\u00f3leo que esteja livre de riscos. A Petrobras, por mais qualificada que seja, n\u00e3o est\u00e1 imune a falhas em suas opera\u00e7\u00f5es, que, neste caso, podem expor um ecossistema sens\u00edvel e ainda pouco conhecido a danos irrepar\u00e1veis\u201d, afirma trecho da peti\u00e7\u00e3o.<\/span><\/p>\n<h3 class=\"jarvics:base-text-neutral-high-400 base-text-md base-font-semibold base-font-primary base-text-neutral-low-500\">Sem previs\u00e3o para pesquisa<\/h3>\n<p class=\"jarvics:base-text-neutral-high-400 base-text-[calc(theme(fontSize.xs)_*_var(--font-size,_1))] base-font-normal base-font-primary base-text-neutral-low-500 base-text-left\"><span class=\"b-article-body__text\">Em paralelo aos processos judiciais, a ANP declarou que estabelecer\u00e1 condicionantes para que a Petrobras s\u00f3 retome a perfura\u00e7\u00e3o ap\u00f3s identificar as causas do incidente e comprovar que todas as provid\u00eancias cab\u00edveis foram tomadas.<\/span><\/p>\n<p class=\"jarvics:base-text-neutral-high-400 base-text-[calc(theme(fontSize.xs)_*_var(--font-size,_1))] base-font-normal base-font-primary base-text-neutral-low-500 base-text-left\"><span class=\"b-article-body__text\">\u201cA ANP segue acompanhando o ocorrido e seus desdobramentos junto \u00e0 Petrobras, j\u00e1 tendo realizado reuni\u00e3o com a empresa, que informou sobre uma falha na conex\u00e3o do riser. A Petrobras informou que isolou as linhas que ocasionaram o vazamento de fluido de perfura\u00e7\u00e3o e est\u00e1 recolhendo o riser para corrigir a falha\u201d, diz trecho de nota enviada pela ANP.<\/span><\/p>\n<p class=\"jarvics:base-text-neutral-high-400 base-text-[calc(theme(fontSize.xs)_*_var(--font-size,_1))] base-font-normal base-font-primary base-text-neutral-low-500 base-text-left\"><span class=\"b-article-body__text\">\u201cA ANP estabelecer\u00e1 condicionantes para que a Petrobras retome a perfura\u00e7\u00e3o somente ap\u00f3s constatadas as causas imediatas do incidente, bem como tomadas as devidas a\u00e7\u00f5es para sua mitiga\u00e7\u00e3o\u201d, acrescenta o comunicado.<\/span><\/p>\n<h3 class=\"jarvics:base-text-neutral-high-400 base-text-md base-font-semibold base-font-primary base-text-neutral-low-500\">O que diz a Petrobras<\/h3>\n<p class=\"jarvics:base-text-neutral-high-400 base-text-[calc(theme(fontSize.xs)_*_var(--font-size,_1))] base-font-normal base-font-primary base-text-neutral-low-500 base-text-left\"><span class=\"b-article-body__text\">A Petrobras informou ter identificado a perda de fluido de perfura\u00e7\u00e3o no \u00faltimo dia 4 de janeiro. A estatal garantiu que a situa\u00e7\u00e3o foi \u201cimediatamente contida e isolada\u201d e que a linha ser\u00e1 levada \u00e0 superf\u00edcie para avalia\u00e7\u00e3o e reparo.<\/span><\/p>\n<p class=\"jarvics:base-text-neutral-high-400 base-text-[calc(theme(fontSize.xs)_*_var(--font-size,_1))] base-font-normal base-font-primary base-text-neutral-low-500 base-text-left\"><span class=\"b-article-body__text\">A empresa tamb\u00e9m sustentou que outros itens utilizados no processo apresentam condi\u00e7\u00e3o de seguran\u00e7a e assegurou que o fluido n\u00e3o representa danos ao meio ambiente.<\/span><\/p>\n<p class=\"jarvics:base-text-neutral-high-400 base-text-[calc(theme(fontSize.xs)_*_var(--font-size,_1))] base-font-normal base-font-primary base-text-neutral-low-500 base-text-left\"><span class=\"b-article-body__text\">\u201cN\u00e3o h\u00e1 problemas com a sonda ou com o po\u00e7o, que permanecem em total condi\u00e7\u00e3o de seguran\u00e7a. A ocorr\u00eancia tamb\u00e9m n\u00e3o oferece riscos \u00e0 seguran\u00e7a da opera\u00e7\u00e3o de perfura\u00e7\u00e3o\u201d, afirma. \u201cO fluido utilizado atende aos limites de toxicidade permitidos e \u00e9 biodegrad\u00e1vel, portanto n\u00e3o h\u00e1 dano ao meio ambiente ou \u00e0s pessoas\u201d, acrescentou, em comunicado.<\/span><\/p>\n<h3 class=\"jarvics:base-text-neutral-high-400 base-text-md base-font-semibold base-font-primary base-text-neutral-low-500\">Ibama apura causas<\/h3>\n<p class=\"jarvics:base-text-neutral-high-400 base-text-[calc(theme(fontSize.xs)_*_var(--font-size,_1))] base-font-normal base-font-primary base-text-neutral-low-500 base-text-left\"><span class=\"b-article-body__text\">Por meio de nota, o Ibama afirmou que as causas do vazamento est\u00e3o em apura\u00e7\u00e3o pelo instituto e ressaltou que as opera\u00e7\u00f5es foram interrompidas.<\/span><\/p>\n<p class=\"jarvics:base-text-neutral-high-400 base-text-[calc(theme(fontSize.xs)_*_var(--font-size,_1))] base-font-normal base-font-primary base-text-neutral-low-500 base-text-left\"><span class=\"b-article-body__text\">O \u00f3rg\u00e3o tamb\u00e9m pediu relat\u00f3rios com informa\u00e7\u00f5es t\u00e9cnicas \u00e0 Petrobras, para avaliar consequ\u00eancias ambientais e analisar se h\u00e1 necessidade de ampliar o gerenciamento de risco na regi\u00e3o.<\/span><\/p>\n<p class=\"jarvics:base-text-neutral-high-400 base-text-[calc(theme(fontSize.xs)_*_var(--font-size,_1))] base-font-normal base-font-primary base-text-neutral-low-500 base-text-left\"><span class=\"b-article-body__text\">\u201cO instituto abriu processo administrativo interno para acompanhar as a\u00e7\u00f5es da Petrobras, procedimento padr\u00e3o para acompanhamento de emerg\u00eancias ambientais\u201d, apontou.<\/span><\/p>\n<p>Fonte: R7<\/p>\n<\/div>\n<\/div>\n<\/div>\n<\/div>\n","protected":false},"excerpt":{"rendered":"<p>As buscas por petr\u00f3leo na\u00a0Foz do Amazonas\u00a0est\u00e3o suspensas h\u00e1 dez dias ap\u00f3s a identifica\u00e7\u00e3o de um vazamento de fluidos em um po\u00e7o da Petrobras, que&#8230;<\/p>\n","protected":false},"author":1527,"featured_media":63396,"comment_status":"closed","ping_status":"closed","sticky":false,"template":"","format":"standard","meta":{"footnotes":""},"categories":[6],"tags":[],"class_list":["post-63395","post","type-post","status-publish","format-standard","has-post-thumbnail","hentry","category-noticias"],"_links":{"self":[{"href":"https:\/\/www.sincomam.org.br\/index.php\/wp-json\/wp\/v2\/posts\/63395","targetHints":{"allow":["GET"]}}],"collection":[{"href":"https:\/\/www.sincomam.org.br\/index.php\/wp-json\/wp\/v2\/posts"}],"about":[{"href":"https:\/\/www.sincomam.org.br\/index.php\/wp-json\/wp\/v2\/types\/post"}],"author":[{"embeddable":true,"href":"https:\/\/www.sincomam.org.br\/index.php\/wp-json\/wp\/v2\/users\/1527"}],"replies":[{"embeddable":true,"href":"https:\/\/www.sincomam.org.br\/index.php\/wp-json\/wp\/v2\/comments?post=63395"}],"version-history":[{"count":1,"href":"https:\/\/www.sincomam.org.br\/index.php\/wp-json\/wp\/v2\/posts\/63395\/revisions"}],"predecessor-version":[{"id":63397,"href":"https:\/\/www.sincomam.org.br\/index.php\/wp-json\/wp\/v2\/posts\/63395\/revisions\/63397"}],"wp:featuredmedia":[{"embeddable":true,"href":"https:\/\/www.sincomam.org.br\/index.php\/wp-json\/wp\/v2\/media\/63396"}],"wp:attachment":[{"href":"https:\/\/www.sincomam.org.br\/index.php\/wp-json\/wp\/v2\/media?parent=63395"}],"wp:term":[{"taxonomy":"category","embeddable":true,"href":"https:\/\/www.sincomam.org.br\/index.php\/wp-json\/wp\/v2\/categories?post=63395"},{"taxonomy":"post_tag","embeddable":true,"href":"https:\/\/www.sincomam.org.br\/index.php\/wp-json\/wp\/v2\/tags?post=63395"}],"curies":[{"name":"wp","href":"https:\/\/api.w.org\/{rel}","templated":true}]}}