{"id":63378,"date":"2026-01-14T09:51:14","date_gmt":"2026-01-14T12:51:14","guid":{"rendered":"https:\/\/www.sincomam.org.br\/?p=63378"},"modified":"2026-01-14T09:51:14","modified_gmt":"2026-01-14T12:51:14","slug":"acordo-mercosul-ue-cria-mercado-de-us-22-trilhoes-e-aumentara-em-us-7-bilhoes-exportacoes-brasileiras-estima-apexbrasil","status":"publish","type":"post","link":"https:\/\/www.sincomam.org.br\/index.php\/acordo-mercosul-ue-cria-mercado-de-us-22-trilhoes-e-aumentara-em-us-7-bilhoes-exportacoes-brasileiras-estima-apexbrasil\/","title":{"rendered":"Acordo Mercosul-UE cria mercado de US$ 22 trilh\u00f5es e aumentar\u00e1 em US$ 7 bilh\u00f5es exporta\u00e7\u00f5es brasileiras, estima ApexBrasil"},"content":{"rendered":"<p>A Ag\u00eancia Brasileira de Promo\u00e7\u00e3o de Exporta\u00e7\u00e3o e Investimentos (ApexBrasil) estima em quase 22 trilh\u00f5es de d\u00f3lares o mercado que ser\u00e1 criado com a assinatura do acordo comercial entre o Mercosul e a Uni\u00e3o Europeia, que envolver\u00e1 27 pa\u00edses dos dois blocos econ\u00f4mico. O presidente da Ag\u00eancia, Jorge Viana, classificou o acordo como uma conquista que permitir\u00e1 o fortalecimento de mecanismos multilaterais e o com\u00e9rcio global.<\/p>\n<p>Para ele, a combina\u00e7\u00e3o entre pa\u00edses do Mercosul, com economias tropicais e complementares, e uma das regi\u00f5es com maior poder de consumo do mundo cria um cen\u00e1rio extremamente positivo. Viana lembrou que os pa\u00edses do Mercosul e da Uni\u00e3o Europeia somados t\u00eam mais de 700 milh\u00f5es de habitantes e PIB de quase 22 trilh\u00f5es de d\u00f3lares, atr\u00e1s apenas do dos Estados Unidos, estimado em torno de 29 trilh\u00f5es de d\u00f3lares e maior que o da China, de 19 trilh\u00f5es d\u00f3lares. \u201c\u00c9 o segundo fluxo comercial que o Brasil tem com o mundo. S\u00f3 perde para a China e \u00e9 um com\u00e9rcio equilibrado, praticamente 50 a 50\u201d, afirmou.<\/p>\n<p>Viana ressaltou ainda que pauta exportadora brasileira para os europeus \u00e9 formada em mais de um ter\u00e7o por produtos da ind\u00fastria de processamento e que o acordo prev\u00ea redu\u00e7\u00e3o imediata de tarifas para m\u00e1quinas e equipamentos de transporte, como motores e geradores para energia el\u00e9trica, motores de pist\u00e3o (autope\u00e7as) e avi\u00f5es. \u201cTemos um com\u00e9rcio de excelente qualidade com a Uni\u00e3o Europeia\u201d, disse.<\/p>\n<p>Segundo avalia\u00e7\u00e3o divulgada pela ApexBrasil, haver\u00e1 benef\u00edcios tamb\u00e9m para couro e peles, pedras de cantaria, facas e l\u00e2minas e produtos qu\u00edmicos. Al\u00e9m disso, a Ag\u00eancia destacou que o acordo prev\u00ea redu\u00e7\u00e3o gradativa, at\u00e9 zerar, de tarifas sobre diversas commodities, sujeitas a cotas, com destaque para os principais produtos brasileiros exportados em 2025: carne de aves, carne bovina e etanol. Com base nisso, o chefe de Assuntos Estrat\u00e9gicos da ApexBrasil Europa, Aloysio Nunes, estimou em sete bilh\u00f5es o potencial de aumento das exporta\u00e7\u00f5es brasileiras para a Uni\u00e3o Europeia.<\/p>\n<p>Fonte: Portos e Navios<\/p>\n","protected":false},"excerpt":{"rendered":"<p>A Ag\u00eancia Brasileira de Promo\u00e7\u00e3o de Exporta\u00e7\u00e3o e Investimentos (ApexBrasil) estima em quase 22 trilh\u00f5es de d\u00f3lares o mercado que ser\u00e1 criado com a assinatura&#8230;<\/p>\n","protected":false},"author":1527,"featured_media":63379,"comment_status":"closed","ping_status":"closed","sticky":false,"template":"","format":"standard","meta":{"footnotes":""},"categories":[6],"tags":[],"class_list":["post-63378","post","type-post","status-publish","format-standard","has-post-thumbnail","hentry","category-noticias"],"_links":{"self":[{"href":"https:\/\/www.sincomam.org.br\/index.php\/wp-json\/wp\/v2\/posts\/63378","targetHints":{"allow":["GET"]}}],"collection":[{"href":"https:\/\/www.sincomam.org.br\/index.php\/wp-json\/wp\/v2\/posts"}],"about":[{"href":"https:\/\/www.sincomam.org.br\/index.php\/wp-json\/wp\/v2\/types\/post"}],"author":[{"embeddable":true,"href":"https:\/\/www.sincomam.org.br\/index.php\/wp-json\/wp\/v2\/users\/1527"}],"replies":[{"embeddable":true,"href":"https:\/\/www.sincomam.org.br\/index.php\/wp-json\/wp\/v2\/comments?post=63378"}],"version-history":[{"count":1,"href":"https:\/\/www.sincomam.org.br\/index.php\/wp-json\/wp\/v2\/posts\/63378\/revisions"}],"predecessor-version":[{"id":63380,"href":"https:\/\/www.sincomam.org.br\/index.php\/wp-json\/wp\/v2\/posts\/63378\/revisions\/63380"}],"wp:featuredmedia":[{"embeddable":true,"href":"https:\/\/www.sincomam.org.br\/index.php\/wp-json\/wp\/v2\/media\/63379"}],"wp:attachment":[{"href":"https:\/\/www.sincomam.org.br\/index.php\/wp-json\/wp\/v2\/media?parent=63378"}],"wp:term":[{"taxonomy":"category","embeddable":true,"href":"https:\/\/www.sincomam.org.br\/index.php\/wp-json\/wp\/v2\/categories?post=63378"},{"taxonomy":"post_tag","embeddable":true,"href":"https:\/\/www.sincomam.org.br\/index.php\/wp-json\/wp\/v2\/tags?post=63378"}],"curies":[{"name":"wp","href":"https:\/\/api.w.org\/{rel}","templated":true}]}}