{"id":63352,"date":"2026-01-13T09:56:07","date_gmt":"2026-01-13T12:56:07","guid":{"rendered":"https:\/\/www.sincomam.org.br\/?p=63352"},"modified":"2026-01-13T09:56:07","modified_gmt":"2026-01-13T12:56:07","slug":"tecon-10-mpor-encaminha-documentacao-para-publicacao-do-edital","status":"publish","type":"post","link":"https:\/\/www.sincomam.org.br\/index.php\/tecon-10-mpor-encaminha-documentacao-para-publicacao-do-edital\/","title":{"rendered":"Tecon 10: MPor encaminha documenta\u00e7\u00e3o para publica\u00e7\u00e3o do edital"},"content":{"rendered":"<p>O Minist\u00e9rio de Portos e Aeroportos (MPor) informou, nesta segunda-feira (12), que encaminhou \u00e0 Ag\u00eancia Nacional de Transportes Aquavi\u00e1rios (Antaq) a documenta\u00e7\u00e3o que permite a publica\u00e7\u00e3o do edital para a realiza\u00e7\u00e3o do leil\u00e3o do Tecon Santos 10. A expectativa do governo federal \u00e9 de que o leil\u00e3o seja marcado para a segunda quinzena de mar\u00e7o.<\/p>\n<p>Segundo a pasta, foram acolhidas as recomenda\u00e7\u00f5es e determina\u00e7\u00f5es do Tribunal de Contas da Uni\u00e3o (TCU), que preveem a possibilidade de certame em duas fases e impedem a participa\u00e7\u00e3o na primeira de armadores e grupos que j\u00e1 operam terminais em Santos, para evitar concentra\u00e7\u00e3o de mercado. Al\u00e9m disso, foi estabelecido o valor m\u00ednimo de R$ 500 milh\u00f5es para pagamento da outorga para a concess\u00e3o por 25 anos, durante os quais h\u00e1 expectativa de investimentos de R$ 6,4 bilh\u00f5es.<\/p>\n<p>De acordo com o Minist\u00e9rio, ap\u00f3s a aprova\u00e7\u00e3o do processo e o envio da documenta\u00e7\u00e3o para a Antaq, o pr\u00f3ximo passo ser\u00e1 a apresenta\u00e7\u00e3o do projeto a investidores nacionais e estrangeiros. Para isso, informou o Mpor, foi pedido \u00e0 Ag\u00eancia que organize um roadshow na tentativa de atrair investidores globais. A expectativa \u00e9 de que as datas para a apresenta\u00e7\u00e3o do projeto aos poss\u00edveis interessados sejam anunciadas ainda nesta semana.<\/p>\n<p>O Tecon Santos ter\u00e1 \u00e1rea de 621 mil metros quadrados e ser\u00e1 destinado \u00e0 movimenta\u00e7\u00e3o e armazenagem de cont\u00eaineres e carga geral. Ser\u00e3o constru\u00eddos quatro ber\u00e7os de atraca\u00e7\u00e3o de navios para embarque e desembarque, e a previs\u00e3o \u00e9 de que, com o novo terminal, a capacidade anual de movimenta\u00e7\u00e3o do Porto de Santos chegue a nove milh\u00f5es de cont\u00eaineres, o que faria que o Brasil passe da 45\u00aa para a 15\u00aa posi\u00e7\u00e3o no ranking mundial de movimenta\u00e7\u00e3o de cargas conteinerizadas.<\/p>\n<p>Fonte: Portos e Navios<\/p>\n","protected":false},"excerpt":{"rendered":"<p>O Minist\u00e9rio de Portos e Aeroportos (MPor) informou, nesta segunda-feira (12), que encaminhou \u00e0 Ag\u00eancia Nacional de Transportes Aquavi\u00e1rios (Antaq) a documenta\u00e7\u00e3o que permite a&#8230;<\/p>\n","protected":false},"author":1527,"featured_media":63353,"comment_status":"closed","ping_status":"closed","sticky":false,"template":"","format":"standard","meta":{"footnotes":""},"categories":[6],"tags":[],"class_list":["post-63352","post","type-post","status-publish","format-standard","has-post-thumbnail","hentry","category-noticias"],"_links":{"self":[{"href":"https:\/\/www.sincomam.org.br\/index.php\/wp-json\/wp\/v2\/posts\/63352","targetHints":{"allow":["GET"]}}],"collection":[{"href":"https:\/\/www.sincomam.org.br\/index.php\/wp-json\/wp\/v2\/posts"}],"about":[{"href":"https:\/\/www.sincomam.org.br\/index.php\/wp-json\/wp\/v2\/types\/post"}],"author":[{"embeddable":true,"href":"https:\/\/www.sincomam.org.br\/index.php\/wp-json\/wp\/v2\/users\/1527"}],"replies":[{"embeddable":true,"href":"https:\/\/www.sincomam.org.br\/index.php\/wp-json\/wp\/v2\/comments?post=63352"}],"version-history":[{"count":1,"href":"https:\/\/www.sincomam.org.br\/index.php\/wp-json\/wp\/v2\/posts\/63352\/revisions"}],"predecessor-version":[{"id":63354,"href":"https:\/\/www.sincomam.org.br\/index.php\/wp-json\/wp\/v2\/posts\/63352\/revisions\/63354"}],"wp:featuredmedia":[{"embeddable":true,"href":"https:\/\/www.sincomam.org.br\/index.php\/wp-json\/wp\/v2\/media\/63353"}],"wp:attachment":[{"href":"https:\/\/www.sincomam.org.br\/index.php\/wp-json\/wp\/v2\/media?parent=63352"}],"wp:term":[{"taxonomy":"category","embeddable":true,"href":"https:\/\/www.sincomam.org.br\/index.php\/wp-json\/wp\/v2\/categories?post=63352"},{"taxonomy":"post_tag","embeddable":true,"href":"https:\/\/www.sincomam.org.br\/index.php\/wp-json\/wp\/v2\/tags?post=63352"}],"curies":[{"name":"wp","href":"https:\/\/api.w.org\/{rel}","templated":true}]}}