{"id":63342,"date":"2026-01-12T09:36:25","date_gmt":"2026-01-12T12:36:25","guid":{"rendered":"https:\/\/www.sincomam.org.br\/?p=63342"},"modified":"2026-01-12T09:36:25","modified_gmt":"2026-01-12T12:36:25","slug":"ads-b-avanca-sobre-o-mar-e-fortalece-operacoes-offshore-no-brasil","status":"publish","type":"post","link":"https:\/\/www.sincomam.org.br\/index.php\/ads-b-avanca-sobre-o-mar-e-fortalece-operacoes-offshore-no-brasil\/","title":{"rendered":"ADS-B avan\u00e7a sobre o mar e fortalece opera\u00e7\u00f5es offshore no Brasil"},"content":{"rendered":"<p>O controle do espa\u00e7o a\u00e9reo brasileiro d\u00e1 um salto estrat\u00e9gico ao avan\u00e7ar sobre \u00e1reas oce\u00e2nicas cr\u00edticas para a economia nacional. Com a amplia\u00e7\u00e3o da cobertura\u00a0<strong data-start=\"621\" data-end=\"630\">ADS-B<\/strong>, o Brasil fortalece a\u00a0<strong data-start=\"653\" data-end=\"682\">vigil\u00e2ncia a\u00e9rea offshore<\/strong>, eleva os padr\u00f5es de seguran\u00e7a operacional e garante maior previsibilidade \u00e0s opera\u00e7\u00f5es nas principais\u00a0<strong data-start=\"786\" data-end=\"809\">bacias petrol\u00edferas<\/strong>\u00a0do litoral sudeste.<\/p>\n<h3 data-start=\"1601\" data-end=\"1655\"><strong data-start=\"1605\" data-end=\"1655\">Tecnologia ADS-B e vigil\u00e2ncia al\u00e9m do radar<\/strong><\/h3>\n<p data-start=\"1656\" data-end=\"2026\">O sistema\u00a0<strong data-start=\"1666\" data-end=\"1675\">ADS-B<\/strong>\u00a0permite que aeronaves transmitam automaticamente dados como\u00a0<strong data-start=\"1736\" data-end=\"1785\">posi\u00e7\u00e3o, altitude, velocidade e identifica\u00e7\u00e3o<\/strong>, ampliando significativamente a consci\u00eancia situacional dos controladores de tr\u00e1fego a\u00e9reo. Em \u00e1reas oce\u00e2nicas, onde a cobertura radar \u00e9 limitada ou inexistente, essa tecnologia se torna decisiva para o monitoramento cont\u00ednuo das opera\u00e7\u00f5es.<\/p>\n<p data-start=\"2028\" data-end=\"2306\">A iniciativa \u00e9 conduzida pelo\u00a0<strong data-start=\"2058\" data-end=\"2099\"><span class=\"hover:entity-accent entity-underline inline cursor-pointer align-baseline\"><span class=\"whitespace-normal\">Departamento de Controle do Espa\u00e7o A\u00e9reo<\/span><\/span><\/strong>, por meio da\u00a0<strong data-start=\"2113\" data-end=\"2154\"><span class=\"hover:entity-accent entity-underline inline cursor-pointer align-baseline\"><span class=\"whitespace-normal\">Comiss\u00e3o de Implanta\u00e7\u00e3o do Sistema de Controle do Espa\u00e7o A\u00e9reo<\/span><\/span><\/strong>, e prev\u00ea a instala\u00e7\u00e3o de esta\u00e7\u00f5es ADS-B em\u00a0<strong data-start=\"2198\" data-end=\"2225\">11 plataformas offshore<\/strong>\u00a0e\u00a0<strong data-start=\"2228\" data-end=\"2254\">quatro s\u00edtios em terra<\/strong>, ampliando significativamente a \u00e1rea de vigil\u00e2ncia.<\/p>\n<div class=\"td-a-rec td-a-rec-id-content_inline tdi_2 td_block_template_11\"><\/div>\n<h3 data-start=\"2308\" data-end=\"2356\"><strong data-start=\"2312\" data-end=\"2356\">Impacto direto nas opera\u00e7\u00f5es offshore<\/strong><\/h3>\n<p data-start=\"2357\" data-end=\"2714\">A amplia\u00e7\u00e3o da cobertura contempla as\u00a0<strong data-start=\"2395\" data-end=\"2452\">bacias de Santos, Campos, Campos Sul e Esp\u00edrito Santo<\/strong>, regi\u00f5es respons\u00e1veis por\u00a0<strong data-start=\"2479\" data-end=\"2527\">mais de 100 mil voos de helic\u00f3pteros por ano<\/strong>, segundo dados do\u00a0<strong data-start=\"2546\" data-end=\"2587\"><span class=\"hover:entity-accent entity-underline inline cursor-pointer align-baseline\"><span class=\"whitespace-normal\">Centro de Gerenciamento da Navega\u00e7\u00e3o A\u00e9rea<\/span><\/span><\/strong>. Esses voos conectam o continente \u00e0s plataformas de petr\u00f3leo, operando em ambientes de alta densidade e meteorologia vari\u00e1vel.<\/p>\n<p data-start=\"2716\" data-end=\"3034\">Para os operadores, o ganho \u00e9 imediato: maior\u00a0<strong data-start=\"2762\" data-end=\"2781\">previsibilidade<\/strong>, melhor\u00a0<strong data-start=\"2790\" data-end=\"2817\">gest\u00e3o do tr\u00e1fego a\u00e9reo<\/strong>\u00a0e redu\u00e7\u00e3o de conflitos em corredores cr\u00edticos. A amplia\u00e7\u00e3o da consci\u00eancia situacional contribui diretamente para\u00a0<strong data-start=\"2931\" data-end=\"2970\">opera\u00e7\u00f5es mais seguras e eficientes<\/strong>, especialmente em cen\u00e1rios de elevada complexidade operacional.<\/p>\n<h3 data-start=\"3036\" data-end=\"3092\"><strong data-start=\"3040\" data-end=\"3092\">Defesa, ind\u00fastria e alinhamento internacional<\/strong><\/h3>\n<p data-start=\"3093\" data-end=\"3470\">Em 2024, o\u00a0<strong data-start=\"3104\" data-end=\"3145\"><span class=\"hover:entity-accent entity-underline inline cursor-pointer align-baseline\"><span class=\"whitespace-normal\">Minist\u00e9rio da Defesa<\/span><\/span><\/strong>\u00a0autorizou o procedimento licitat\u00f3rio para a aquisi\u00e7\u00e3o do sistema, classificado como\u00a0<strong data-start=\"3230\" data-end=\"3263\">Produto Estrat\u00e9gico de Defesa<\/strong>. O projeto \u00e9 viabilizado por um\u00a0<strong data-start=\"3296\" data-end=\"3333\">Termo de Licita\u00e7\u00e3o Especial (TLE)<\/strong>\u00a0\u2014 o primeiro executado pela CISCEA \u2014 mecanismo que garante ader\u00eancia \u00e0s exig\u00eancias de\u00a0<strong data-start=\"3420\" data-end=\"3433\">seguran\u00e7a<\/strong>,\u00a0<strong data-start=\"3435\" data-end=\"3447\">inova\u00e7\u00e3o<\/strong>\u00a0e\u00a0<strong data-start=\"3450\" data-end=\"3469\">defesa nacional<\/strong>.<\/p>\n<p data-start=\"3472\" data-end=\"3751\">Al\u00e9m do refor\u00e7o operacional, a iniciativa estimula a\u00a0<strong data-start=\"3525\" data-end=\"3554\">Base Industrial de Defesa<\/strong>\u00a0e assegura a integra\u00e7\u00e3o progressiva ao\u00a0<strong data-start=\"3594\" data-end=\"3635\"><span class=\"hover:entity-accent entity-underline inline cursor-pointer align-baseline\"><span class=\"whitespace-normal\">Sistema de Controle do Espa\u00e7o A\u00e9reo Brasileiro<\/span><\/span><\/strong>\u00a0entre\u00a0<strong data-start=\"3642\" data-end=\"3657\">2026 e 2027<\/strong>, em conformidade com as pr\u00e1ticas recomendadas pela\u00a0<strong data-start=\"3709\" data-end=\"3750\"><span class=\"hover:entity-accent entity-underline inline cursor-pointer align-baseline\"><span class=\"whitespace-normal\">Organiza\u00e7\u00e3o da Avia\u00e7\u00e3o Civil Internacional<\/span><\/span><\/strong>.<\/p>\n<p data-start=\"3472\" data-end=\"3751\">Fonte: Defesa em Foco<\/p>\n<p data-start=\"3472\" data-end=\"3751\">\n","protected":false},"excerpt":{"rendered":"<p>O controle do espa\u00e7o a\u00e9reo brasileiro d\u00e1 um salto estrat\u00e9gico ao avan\u00e7ar sobre \u00e1reas oce\u00e2nicas cr\u00edticas para a economia nacional. Com a amplia\u00e7\u00e3o da cobertura\u00a0ADS-B,&#8230;<\/p>\n","protected":false},"author":1527,"featured_media":63343,"comment_status":"closed","ping_status":"closed","sticky":false,"template":"","format":"standard","meta":{"footnotes":""},"categories":[6],"tags":[],"class_list":["post-63342","post","type-post","status-publish","format-standard","has-post-thumbnail","hentry","category-noticias"],"_links":{"self":[{"href":"https:\/\/www.sincomam.org.br\/index.php\/wp-json\/wp\/v2\/posts\/63342","targetHints":{"allow":["GET"]}}],"collection":[{"href":"https:\/\/www.sincomam.org.br\/index.php\/wp-json\/wp\/v2\/posts"}],"about":[{"href":"https:\/\/www.sincomam.org.br\/index.php\/wp-json\/wp\/v2\/types\/post"}],"author":[{"embeddable":true,"href":"https:\/\/www.sincomam.org.br\/index.php\/wp-json\/wp\/v2\/users\/1527"}],"replies":[{"embeddable":true,"href":"https:\/\/www.sincomam.org.br\/index.php\/wp-json\/wp\/v2\/comments?post=63342"}],"version-history":[{"count":1,"href":"https:\/\/www.sincomam.org.br\/index.php\/wp-json\/wp\/v2\/posts\/63342\/revisions"}],"predecessor-version":[{"id":63344,"href":"https:\/\/www.sincomam.org.br\/index.php\/wp-json\/wp\/v2\/posts\/63342\/revisions\/63344"}],"wp:featuredmedia":[{"embeddable":true,"href":"https:\/\/www.sincomam.org.br\/index.php\/wp-json\/wp\/v2\/media\/63343"}],"wp:attachment":[{"href":"https:\/\/www.sincomam.org.br\/index.php\/wp-json\/wp\/v2\/media?parent=63342"}],"wp:term":[{"taxonomy":"category","embeddable":true,"href":"https:\/\/www.sincomam.org.br\/index.php\/wp-json\/wp\/v2\/categories?post=63342"},{"taxonomy":"post_tag","embeddable":true,"href":"https:\/\/www.sincomam.org.br\/index.php\/wp-json\/wp\/v2\/tags?post=63342"}],"curies":[{"name":"wp","href":"https:\/\/api.w.org\/{rel}","templated":true}]}}