{"id":63335,"date":"2026-01-12T09:32:41","date_gmt":"2026-01-12T12:32:41","guid":{"rendered":"https:\/\/www.sincomam.org.br\/?p=63335"},"modified":"2026-01-12T09:32:50","modified_gmt":"2026-01-12T12:32:50","slug":"antaq-confirma-para-26-de-fevereiro-leiloes-de-terminais-portuarios-2","status":"publish","type":"post","link":"https:\/\/www.sincomam.org.br\/index.php\/antaq-confirma-para-26-de-fevereiro-leiloes-de-terminais-portuarios-2\/","title":{"rendered":"Antaq confirma para 26 de fevereiro leil\u00f5es de terminais portu\u00e1rios"},"content":{"rendered":"<p>A Ag\u00eancia Nacional de Transportes Aquavi\u00e1rios publicou no Di\u00e1rio Oficial da Uni\u00e3o editais confirmando a realiza\u00e7\u00e3o em 26 de fevereiro, na Bolsa de Valores do Brasil, a B3, de leil\u00f5es para arrendamento de \u00e1rea para a movimenta\u00e7\u00e3o e armazenagem de gran\u00e9is s\u00f3lidos minerais no Porto Organizado de Natal, no Rio Grande do Norte, para um terminal destinado \u00e0 movimenta\u00e7\u00e3o e armazenagem de gran\u00e9is s\u00f3lidos vegetais no Porto de Santana, no Amap\u00e1, e para arrendamento de espa\u00e7o no Porto de Alegre para armazenar e movimentar granel s\u00f3lido. Al\u00e9m desses, informou a Ag\u00eancia, ser\u00e1 publicado edital relativo \u00e0 cess\u00e3o do terminal de passageiros do Porto Organizado do Recife, o TMP-Recif, em Pernambuco, com previs\u00e3o de leil\u00e3o tamb\u00e9m em fevereiro.<\/p>\n<p>Segundo a Ag\u00eancia, a previs\u00e3o de investimentos totais nos quatro terminais \u00e9 de R$ 229 milh\u00f5es, sendo R$ 2,3 milh\u00f5es no terminal de passageiros do Recife, cuja concess\u00e3o ser\u00e1 de 25 anos, de R$ 150,20 milh\u00f5es no Porto de Santana, pelo mesmo per\u00edodo, de R$ 21,13 milh\u00f5es em Porto Alegre, por 10 anos de contrato, e de R$ 55,17 milh\u00f5es em Natal, por 15 anos.<\/p>\n<p>A Antaq explicou que as informa\u00e7\u00f5es relativas aos leil\u00f5es, incluindo os requisitos para concorrer e todas as condi\u00e7\u00f5es de participa\u00e7\u00e3o, est\u00e3o dispon\u00edveis, al\u00e9m do Di\u00e1rio Oficial da Uni\u00e3o, no site da entidade, em\u00a0<a href=\"https:\/\/www.gov.br\/antaq\/pt-brneste.\">https:\/\/www.gov.br\/antaq\/pt-brneste.<\/a>\u00a0O edital pode ser consultado tamb\u00e9m diretamente na sede da Ag\u00eancia, em Bras\u00edlia.<\/p>\n<p>Fonte: Portos e Navios<\/p>\n<div class=\"addtoany_container\">\n<p>&nbsp;<\/p>\n<p>&nbsp;<\/p>\n<\/div>\n","protected":false},"excerpt":{"rendered":"<p>A Ag\u00eancia Nacional de Transportes Aquavi\u00e1rios publicou no Di\u00e1rio Oficial da Uni\u00e3o editais confirmando a realiza\u00e7\u00e3o em 26 de fevereiro, na Bolsa de Valores do&#8230;<\/p>\n","protected":false},"author":1527,"featured_media":63336,"comment_status":"closed","ping_status":"closed","sticky":false,"template":"","format":"standard","meta":{"footnotes":""},"categories":[6],"tags":[],"class_list":["post-63335","post","type-post","status-publish","format-standard","has-post-thumbnail","hentry","category-noticias"],"_links":{"self":[{"href":"https:\/\/www.sincomam.org.br\/index.php\/wp-json\/wp\/v2\/posts\/63335","targetHints":{"allow":["GET"]}}],"collection":[{"href":"https:\/\/www.sincomam.org.br\/index.php\/wp-json\/wp\/v2\/posts"}],"about":[{"href":"https:\/\/www.sincomam.org.br\/index.php\/wp-json\/wp\/v2\/types\/post"}],"author":[{"embeddable":true,"href":"https:\/\/www.sincomam.org.br\/index.php\/wp-json\/wp\/v2\/users\/1527"}],"replies":[{"embeddable":true,"href":"https:\/\/www.sincomam.org.br\/index.php\/wp-json\/wp\/v2\/comments?post=63335"}],"version-history":[{"count":2,"href":"https:\/\/www.sincomam.org.br\/index.php\/wp-json\/wp\/v2\/posts\/63335\/revisions"}],"predecessor-version":[{"id":63338,"href":"https:\/\/www.sincomam.org.br\/index.php\/wp-json\/wp\/v2\/posts\/63335\/revisions\/63338"}],"wp:featuredmedia":[{"embeddable":true,"href":"https:\/\/www.sincomam.org.br\/index.php\/wp-json\/wp\/v2\/media\/63336"}],"wp:attachment":[{"href":"https:\/\/www.sincomam.org.br\/index.php\/wp-json\/wp\/v2\/media?parent=63335"}],"wp:term":[{"taxonomy":"category","embeddable":true,"href":"https:\/\/www.sincomam.org.br\/index.php\/wp-json\/wp\/v2\/categories?post=63335"},{"taxonomy":"post_tag","embeddable":true,"href":"https:\/\/www.sincomam.org.br\/index.php\/wp-json\/wp\/v2\/tags?post=63335"}],"curies":[{"name":"wp","href":"https:\/\/api.w.org\/{rel}","templated":true}]}}