{"id":6333,"date":"2014-06-27T09:04:25","date_gmt":"2014-06-27T12:04:25","guid":{"rendered":"http:\/\/www.sincomam.org.br\/?p=6333"},"modified":"2014-06-27T10:07:46","modified_gmt":"2014-06-27T13:07:46","slug":"acatmar-e-sebraesc-querem-fortalecer-polo-nautico-de-sc","status":"publish","type":"post","link":"https:\/\/www.sincomam.org.br\/index.php\/acatmar-e-sebraesc-querem-fortalecer-polo-nautico-de-sc\/","title":{"rendered":"Acatmar e Sebrae\/SC querem fortalecer polo n\u00e1utico de SC"},"content":{"rendered":"<p>A Associa\u00e7\u00e3o N\u00e1utica Catarinense para o Brasil (Acatmar) e o Sebrae\/SC desenvolvem parceria para fortalecer o polo n\u00e1utico de Santa Catarina. Depois de realizados diagn\u00f3sticos com diversas empresas da cadeia produtiva do setor no ano passado, o projeto Fortalecimento de Polos Industriais \u2013 Polo N\u00e1utico \u2013 prev\u00ea a\u00e7\u00f5es como um diagn\u00f3stico que vai levantar dados sobre a gest\u00e3o de cada empresa, avaliando aspectos da produ\u00e7\u00e3o, layout, marketing, manuten\u00e7\u00e3o, entre outros pontos.<\/p>\n<p>O objetivo \u00e9 promover o incremento da ind\u00fastria, criando condi\u00e7\u00f5es para micro e pequenas empresas acessarem novos mercados, desenvolvendo tecnologia e inova\u00e7\u00e3o. \u201cA ideia \u00e9 contarmos com a participa\u00e7\u00e3o de 10 pequenos estaleiros e 25 MPEs do segmento\u201d, afirma Leandro \u2018Man\u00e9\u2019 Ferrari, presidente da Acatmar e do GT N\u00e1utico do estado. \u201cTudo isso ser\u00e1 permeado por workshops que v\u00e3o discutir tend\u00eancias e novas tecnologias, promovendo troca de experi\u00eancias com parceiros nacionais e internacionais\u201d, diz Ferrari, explicando que uma consultoria tecnol\u00f3gica tamb\u00e9m vai auxiliar no desenvolvimento.<\/p>\n<p>A partir dos diagn\u00f3sticos e apoio realizados, outra meta \u00e9 focar as empresas numa feira de neg\u00f3cios nacional do setor, visando a divulga\u00e7\u00e3o, promo\u00e7\u00e3o e comercializa\u00e7\u00e3o dos produtos e servi\u00e7os dos envolvidos. \u201cAl\u00e9m disso, est\u00e3o previstas visitas e miss\u00f5es t\u00e9cnicas dentro e fora do Brasil, com foco no benchmarking, prospec\u00e7\u00e3o de novas tecnologias e interc\u00e2mbio\u201d, completa Roberto Tavares de Albuquerque, coordenador do Sebrae\/SC.<\/p>\n<p>Fonte: Portos e Navios<\/p>\n","protected":false},"excerpt":{"rendered":"<p>A Associa\u00e7\u00e3o N\u00e1utica Catarinense para o Brasil (Acatmar) e o Sebrae\/SC desenvolvem parceria para fortalecer o polo n\u00e1utico de Santa Catarina. Depois de realizados diagn\u00f3sticos&#8230;<\/p>\n","protected":false},"author":1182,"featured_media":3546,"comment_status":"closed","ping_status":"closed","sticky":false,"template":"","format":"standard","meta":{"footnotes":""},"categories":[6],"tags":[],"class_list":["post-6333","post","type-post","status-publish","format-standard","has-post-thumbnail","hentry","category-noticias"],"_links":{"self":[{"href":"https:\/\/www.sincomam.org.br\/index.php\/wp-json\/wp\/v2\/posts\/6333","targetHints":{"allow":["GET"]}}],"collection":[{"href":"https:\/\/www.sincomam.org.br\/index.php\/wp-json\/wp\/v2\/posts"}],"about":[{"href":"https:\/\/www.sincomam.org.br\/index.php\/wp-json\/wp\/v2\/types\/post"}],"author":[{"embeddable":true,"href":"https:\/\/www.sincomam.org.br\/index.php\/wp-json\/wp\/v2\/users\/1182"}],"replies":[{"embeddable":true,"href":"https:\/\/www.sincomam.org.br\/index.php\/wp-json\/wp\/v2\/comments?post=6333"}],"version-history":[{"count":1,"href":"https:\/\/www.sincomam.org.br\/index.php\/wp-json\/wp\/v2\/posts\/6333\/revisions"}],"predecessor-version":[{"id":6334,"href":"https:\/\/www.sincomam.org.br\/index.php\/wp-json\/wp\/v2\/posts\/6333\/revisions\/6334"}],"wp:featuredmedia":[{"embeddable":true,"href":"https:\/\/www.sincomam.org.br\/index.php\/wp-json\/wp\/v2\/media\/3546"}],"wp:attachment":[{"href":"https:\/\/www.sincomam.org.br\/index.php\/wp-json\/wp\/v2\/media?parent=6333"}],"wp:term":[{"taxonomy":"category","embeddable":true,"href":"https:\/\/www.sincomam.org.br\/index.php\/wp-json\/wp\/v2\/categories?post=6333"},{"taxonomy":"post_tag","embeddable":true,"href":"https:\/\/www.sincomam.org.br\/index.php\/wp-json\/wp\/v2\/tags?post=6333"}],"curies":[{"name":"wp","href":"https:\/\/api.w.org\/{rel}","templated":true}]}}