{"id":63329,"date":"2026-01-12T09:29:25","date_gmt":"2026-01-12T12:29:25","guid":{"rendered":"https:\/\/www.sincomam.org.br\/?p=63329"},"modified":"2026-01-12T09:29:25","modified_gmt":"2026-01-12T12:29:25","slug":"autoridade-portuaria-de-santos-deixa-gestao-do-porto-de-itajai","status":"publish","type":"post","link":"https:\/\/www.sincomam.org.br\/index.php\/autoridade-portuaria-de-santos-deixa-gestao-do-porto-de-itajai\/","title":{"rendered":"Autoridade Portu\u00e1ria de Santos deixa gest\u00e3o do Porto de Itaja\u00ed"},"content":{"rendered":"<p>A Autoridade Portu\u00e1ria de Santos (APS) informou nesta sexta-feira (9) que encerrou em 2 de janeiro sua participa\u00e7\u00e3o na gest\u00e3o do Porto Organizado de Itaja\u00ed, em Santa Catarina, que passou a ser administrado pela Companhia Docas da Bahia (Codeba). A APS assumira, por determina\u00e7\u00e3o do Minist\u00e9rio de Portos e Aeroportos (Mpor), o comando do porto catarinense em 2 de janeiro de 2025, quando terminou a concess\u00e3o ao munic\u00edpio e o terminal voltou para a Uni\u00e3o.<\/p>\n<p>Segundo o presidente da APS, Anderson Pomini, na ocasi\u00e3o o Porto de Itaja\u00ed estava perto da inviabilidade operacional e foi necess\u00e1rio tomar v\u00e1rias medidas para estabilizar os servi\u00e7os, com a manuten\u00e7\u00e3o dos postos de trabalho, e retomar as movimenta\u00e7\u00f5es portu\u00e1rias. Ele citou entre as provid\u00eancias adotadas a regulariza\u00e7\u00e3o de passivos, inclusive de contratos de dragagem, o que permitiu o restabelecimento dos calados operacionais do terminal.<\/p>\n<p>De acordo com a APS, foram apuradas pend\u00eancias de mais de R$ 108 milh\u00f5es, de passivos contratuais e precat\u00f3rios, que foram quitadas pela autoridade portu\u00e1ria santista para assegurar a continuidade das opera\u00e7\u00f5es portu\u00e1rias. Pomini disse que isso permitiu a transi\u00e7\u00e3o para a Codeba sem impacto sobre as atividades portu\u00e1rias em Itaja\u00ed.<\/p>\n<p>A APS explicou que, para manter as atividades no terminal, foram feitas negocia\u00e7\u00f5es com as prefeituras de Itaja\u00ed e de Navegantes, cidades onde o complexo portu\u00e1rio catarinense est\u00e1 instalado, com clientes do porto, com a Receita Federa e com a Marinha do Brasil. A entidade garantiu que a gest\u00e3o do terminal foi repassada \u00e0 Codeba com todas as obriga\u00e7\u00f5es organizadas e a opera\u00e7\u00e3o plenamente assegurada, al\u00e9m de os empregos dos trabalhadores terem sido mantidos.<\/p>\n<p>Fonte: Portos e Navios<\/p>\n","protected":false},"excerpt":{"rendered":"<p>A Autoridade Portu\u00e1ria de Santos (APS) informou nesta sexta-feira (9) que encerrou em 2 de janeiro sua participa\u00e7\u00e3o na gest\u00e3o do Porto Organizado de Itaja\u00ed,&#8230;<\/p>\n","protected":false},"author":1527,"featured_media":63330,"comment_status":"closed","ping_status":"closed","sticky":false,"template":"","format":"standard","meta":{"footnotes":""},"categories":[6],"tags":[],"class_list":["post-63329","post","type-post","status-publish","format-standard","has-post-thumbnail","hentry","category-noticias"],"_links":{"self":[{"href":"https:\/\/www.sincomam.org.br\/index.php\/wp-json\/wp\/v2\/posts\/63329","targetHints":{"allow":["GET"]}}],"collection":[{"href":"https:\/\/www.sincomam.org.br\/index.php\/wp-json\/wp\/v2\/posts"}],"about":[{"href":"https:\/\/www.sincomam.org.br\/index.php\/wp-json\/wp\/v2\/types\/post"}],"author":[{"embeddable":true,"href":"https:\/\/www.sincomam.org.br\/index.php\/wp-json\/wp\/v2\/users\/1527"}],"replies":[{"embeddable":true,"href":"https:\/\/www.sincomam.org.br\/index.php\/wp-json\/wp\/v2\/comments?post=63329"}],"version-history":[{"count":1,"href":"https:\/\/www.sincomam.org.br\/index.php\/wp-json\/wp\/v2\/posts\/63329\/revisions"}],"predecessor-version":[{"id":63331,"href":"https:\/\/www.sincomam.org.br\/index.php\/wp-json\/wp\/v2\/posts\/63329\/revisions\/63331"}],"wp:featuredmedia":[{"embeddable":true,"href":"https:\/\/www.sincomam.org.br\/index.php\/wp-json\/wp\/v2\/media\/63330"}],"wp:attachment":[{"href":"https:\/\/www.sincomam.org.br\/index.php\/wp-json\/wp\/v2\/media?parent=63329"}],"wp:term":[{"taxonomy":"category","embeddable":true,"href":"https:\/\/www.sincomam.org.br\/index.php\/wp-json\/wp\/v2\/categories?post=63329"},{"taxonomy":"post_tag","embeddable":true,"href":"https:\/\/www.sincomam.org.br\/index.php\/wp-json\/wp\/v2\/tags?post=63329"}],"curies":[{"name":"wp","href":"https:\/\/api.w.org\/{rel}","templated":true}]}}