{"id":63326,"date":"2026-01-12T09:28:41","date_gmt":"2026-01-12T12:28:41","guid":{"rendered":"https:\/\/www.sincomam.org.br\/?p=63326"},"modified":"2026-01-12T09:28:41","modified_gmt":"2026-01-12T12:28:41","slug":"maersk-anuncia-volta-de-rota-entre-porto-argentino-de-san-antonio-este-e-montevideu","status":"publish","type":"post","link":"https:\/\/www.sincomam.org.br\/index.php\/maersk-anuncia-volta-de-rota-entre-porto-argentino-de-san-antonio-este-e-montevideu\/","title":{"rendered":"Maersk anuncia volta de rota entre porto argentino de San Antonio Este e Montevid\u00e9u"},"content":{"rendered":"<p>A empresa de transporte mar\u00edtimo Maersk anunciou que retomar\u00e1 at\u00e9 o fim de janeiro a rota entre o porto de San Antonio Este, na Patag\u00f4nia argentina, e o Porto de Montevid\u00e9u, no Uruguai. O principal objetivo \u00e9 escoar a produ\u00e7\u00e3o de frutas destinadas \u00e0 exporta\u00e7\u00e3o para o mercado global.<\/p>\n<p>Segundo a plataforma de informa\u00e7\u00f5es sobre transporte mar\u00edtimo Alphaliner, o servi\u00e7o ser\u00e1 semanal, com viagens de ida e volta do navio AS Sabine, que tem capacidade para 1.762 TEUs e est\u00e1 equipado com 492 conex\u00f5es para cont\u00eaineres refrigerados. A primeira partida est\u00e1 programada para 27 de janeiro de San Antonio Este.<\/p>\n<p>A previs\u00e3o \u00e9 de que sejam transportadas principalmente ma\u00e7\u00e3s e peras produzidas no Alto Vale do Rio Negro, no norte da Patag\u00f4nia, e destinadas a diversos mercados internacionais. H\u00e1 previs\u00e3o de que, al\u00e9m de Montevid\u00e9u, sejam feitos pela Maersk transbordos dessas cargas no Porto de Santos.<\/p>\n<p>O porto de San Antonio Este conta com pequeno terminal sem guindastes e, por isso, depende de navios com esses equipamentos de movimenta\u00e7\u00e3o de carga, como o AS Sabine. Al\u00e9m disso, as dimens\u00f5es do cais impedem a atra\u00e7\u00e3o de embarca\u00e7\u00f5es com mais de 172 metros de comprimento.<\/p>\n<p>Fonte: Portos e Navios<\/p>\n<div class=\"addtoany_container\"><\/div>\n","protected":false},"excerpt":{"rendered":"<p>A empresa de transporte mar\u00edtimo Maersk anunciou que retomar\u00e1 at\u00e9 o fim de janeiro a rota entre o porto de San Antonio Este, na Patag\u00f4nia&#8230;<\/p>\n","protected":false},"author":1527,"featured_media":63327,"comment_status":"closed","ping_status":"closed","sticky":false,"template":"","format":"standard","meta":{"footnotes":""},"categories":[6],"tags":[],"class_list":["post-63326","post","type-post","status-publish","format-standard","has-post-thumbnail","hentry","category-noticias"],"_links":{"self":[{"href":"https:\/\/www.sincomam.org.br\/index.php\/wp-json\/wp\/v2\/posts\/63326","targetHints":{"allow":["GET"]}}],"collection":[{"href":"https:\/\/www.sincomam.org.br\/index.php\/wp-json\/wp\/v2\/posts"}],"about":[{"href":"https:\/\/www.sincomam.org.br\/index.php\/wp-json\/wp\/v2\/types\/post"}],"author":[{"embeddable":true,"href":"https:\/\/www.sincomam.org.br\/index.php\/wp-json\/wp\/v2\/users\/1527"}],"replies":[{"embeddable":true,"href":"https:\/\/www.sincomam.org.br\/index.php\/wp-json\/wp\/v2\/comments?post=63326"}],"version-history":[{"count":1,"href":"https:\/\/www.sincomam.org.br\/index.php\/wp-json\/wp\/v2\/posts\/63326\/revisions"}],"predecessor-version":[{"id":63328,"href":"https:\/\/www.sincomam.org.br\/index.php\/wp-json\/wp\/v2\/posts\/63326\/revisions\/63328"}],"wp:featuredmedia":[{"embeddable":true,"href":"https:\/\/www.sincomam.org.br\/index.php\/wp-json\/wp\/v2\/media\/63327"}],"wp:attachment":[{"href":"https:\/\/www.sincomam.org.br\/index.php\/wp-json\/wp\/v2\/media?parent=63326"}],"wp:term":[{"taxonomy":"category","embeddable":true,"href":"https:\/\/www.sincomam.org.br\/index.php\/wp-json\/wp\/v2\/categories?post=63326"},{"taxonomy":"post_tag","embeddable":true,"href":"https:\/\/www.sincomam.org.br\/index.php\/wp-json\/wp\/v2\/tags?post=63326"}],"curies":[{"name":"wp","href":"https:\/\/api.w.org\/{rel}","templated":true}]}}