{"id":63323,"date":"2026-01-12T09:27:31","date_gmt":"2026-01-12T12:27:31","guid":{"rendered":"https:\/\/www.sincomam.org.br\/?p=63323"},"modified":"2026-01-12T09:27:31","modified_gmt":"2026-01-12T12:27:31","slug":"marinha-anuncia-inicio-da-construcao-do-quarto-navio-da-classe-tamandare-com-o-corte-de-chapa-da-fragata-mariz-e-barros","status":"publish","type":"post","link":"https:\/\/www.sincomam.org.br\/index.php\/marinha-anuncia-inicio-da-construcao-do-quarto-navio-da-classe-tamandare-com-o-corte-de-chapa-da-fragata-mariz-e-barros\/","title":{"rendered":"Marinha anuncia in\u00edcio da constru\u00e7\u00e3o do quarto navio da Classe Tamandar\u00e9 com o corte de chapa da fragata Mariz e Barros"},"content":{"rendered":"<p>A Marinha do Brasil anunciou que foi iniciada nesta sexta-feira (9), com o corte de chapa na TKMS Estaleiro Brasil Sul, em Itaja\u00ed, em Santa Catarina, a constru\u00e7\u00e3o da quarta embarca\u00e7\u00e3o prevista em seu Programa Fragatas Classe Tamandar\u00e9 (PFCT), a fragata Mariz e Barros. A embarca\u00e7\u00e3o homenageia o primeiro-tenente Ant\u00f4nio Carlos de Mariz e Barros, que comandou o Encoura\u00e7ado Tamandar\u00e9 durante a Guerra do Paraguai.<\/p>\n<p>A previs\u00e3o \u00e9 de que o batimento de quilha da fragata Mariz e Barros seja feito no segundo semestre deste ano, o lan\u00e7amento no ano que vem e a incorpora\u00e7\u00e3o \u00e0 Armada em 2029. A constru\u00e7\u00e3o dos navios do PFCT conta com recursos do Novo Programa de Acelera\u00e7\u00e3o do Crescimento (Novo PAC), do governo federal.<\/p>\n<p>A fragata Tamandar\u00e9, a primeira da classe, foi lan\u00e7ada ao mar em agosto de 2024 e passou pelos testes de aceita\u00e7\u00e3o do mar em 2025, e a previs\u00e3o \u00e9 de que seja entregue ao setor operacional da Marinha do Brasil no primeiro semestre de 2026. A segunda fragata, a Jer\u00f4nimo de Albuquerque, teve o batimento de quilha em junho de 2024, foi lan\u00e7ada ao mar em agosto de 2025, e suas provas de mar est\u00e3o previstas para meados de 2026.<\/p>\n<p>J\u00e1 a fragata Cunha Moreira, a terceira do programa, teve seu primeiro corte de chapa realizado em novembro de 2024, e a montagem dos blocos que formam a embarca\u00e7\u00e3o foi iniciada em junho de 2025. A expectativa da Marinha \u00e9 de que a embarca\u00e7\u00e3o seja lan\u00e7ada em julho de 2026.<\/p>\n<p>Fonte: Portos e Navios<\/p>\n","protected":false},"excerpt":{"rendered":"<p>A Marinha do Brasil anunciou que foi iniciada nesta sexta-feira (9), com o corte de chapa na TKMS Estaleiro Brasil Sul, em Itaja\u00ed, em Santa&#8230;<\/p>\n","protected":false},"author":1527,"featured_media":63324,"comment_status":"closed","ping_status":"closed","sticky":false,"template":"","format":"standard","meta":{"footnotes":""},"categories":[6],"tags":[],"class_list":["post-63323","post","type-post","status-publish","format-standard","has-post-thumbnail","hentry","category-noticias"],"_links":{"self":[{"href":"https:\/\/www.sincomam.org.br\/index.php\/wp-json\/wp\/v2\/posts\/63323","targetHints":{"allow":["GET"]}}],"collection":[{"href":"https:\/\/www.sincomam.org.br\/index.php\/wp-json\/wp\/v2\/posts"}],"about":[{"href":"https:\/\/www.sincomam.org.br\/index.php\/wp-json\/wp\/v2\/types\/post"}],"author":[{"embeddable":true,"href":"https:\/\/www.sincomam.org.br\/index.php\/wp-json\/wp\/v2\/users\/1527"}],"replies":[{"embeddable":true,"href":"https:\/\/www.sincomam.org.br\/index.php\/wp-json\/wp\/v2\/comments?post=63323"}],"version-history":[{"count":1,"href":"https:\/\/www.sincomam.org.br\/index.php\/wp-json\/wp\/v2\/posts\/63323\/revisions"}],"predecessor-version":[{"id":63325,"href":"https:\/\/www.sincomam.org.br\/index.php\/wp-json\/wp\/v2\/posts\/63323\/revisions\/63325"}],"wp:featuredmedia":[{"embeddable":true,"href":"https:\/\/www.sincomam.org.br\/index.php\/wp-json\/wp\/v2\/media\/63324"}],"wp:attachment":[{"href":"https:\/\/www.sincomam.org.br\/index.php\/wp-json\/wp\/v2\/media?parent=63323"}],"wp:term":[{"taxonomy":"category","embeddable":true,"href":"https:\/\/www.sincomam.org.br\/index.php\/wp-json\/wp\/v2\/categories?post=63323"},{"taxonomy":"post_tag","embeddable":true,"href":"https:\/\/www.sincomam.org.br\/index.php\/wp-json\/wp\/v2\/tags?post=63323"}],"curies":[{"name":"wp","href":"https:\/\/api.w.org\/{rel}","templated":true}]}}