{"id":63317,"date":"2026-01-09T11:23:16","date_gmt":"2026-01-09T14:23:16","guid":{"rendered":"https:\/\/www.sincomam.org.br\/?p=63317"},"modified":"2026-01-15T10:12:12","modified_gmt":"2026-01-15T13:12:12","slug":"confira-os-feriados-nacionais-e-pontos-facultativos-de-2026","status":"publish","type":"post","link":"https:\/\/www.sincomam.org.br\/index.php\/confira-os-feriados-nacionais-e-pontos-facultativos-de-2026\/","title":{"rendered":"Confira os feriados nacionais e pontos facultativos de 2026"},"content":{"rendered":"<p><strong>O Minist\u00e9rio da Gest\u00e3o e da Inova\u00e7\u00e3o em Servi\u00e7os P\u00fablicos publicou nesta ter\u00e7a-feira (30)\u00a0portaria\u00a0que estabelece feriados nacionais e pontos facultativos de 2026.\u00a0Dos 10 feriados nacionais, apenas um cai no fim de semana \u2013 o da Proclama\u00e7\u00e3o da Rep\u00fablica, em 15 de novembro, um domingo.<\/strong><img decoding=\"async\" src=\"https:\/\/agenciabrasil.ebc.com.br\/ebc.png?id=1673687&amp;o=node\" \/><img decoding=\"async\" src=\"https:\/\/agenciabrasil.ebc.com.br\/ebc.gif?id=1673687&amp;o=node\" \/><\/p>\n<p>As datas, segundo a publica\u00e7\u00e3o, devem ser observadas pelos \u00f3rg\u00e3os e entidades da administra\u00e7\u00e3o p\u00fablica federal direta, aut\u00e1rquica e fundacional, sem comprometimento das atividades p\u00fablicas consideradas como servi\u00e7os essenciais \u00e0 popula\u00e7\u00e3o.<\/p>\n<p>A lista inclui dez feriados nacionais e nove pontos facultativos abrangendo datas tradicionais do calend\u00e1rio c\u00edvico e religioso brasileiro, al\u00e9m de per\u00edodos de organiza\u00e7\u00e3o do funcionamento administrativo, como carnaval e as v\u00e9speras de Natal e ano novo.<\/p>\n<p>A portaria estabelece ainda que feriados em comemora\u00e7\u00e3o \u00e0 data magna do estado, fixada em lei estadual, e os dias de in\u00edcio e t\u00e9rmino do ano do centen\u00e1rio de funda\u00e7\u00e3o do munic\u00edpio, declarados em lei municipal, ser\u00e3o observados por reparti\u00e7\u00f5es da administra\u00e7\u00e3o p\u00fablica federal direta, aut\u00e1rquica e fundacional nas respectivas localidades.<\/p>\n<blockquote><p>\u201cN\u00e3o ser\u00e1 permitido aos \u00f3rg\u00e3os e entidades integrantes do Sistema de Pessoal Civil da Administra\u00e7\u00e3o Federal antecipar ponto facultativo em discord\u00e2ncia com o que disp\u00f5e a portaria. Tamb\u00e9m est\u00e1 vedado adotar ponto facultativo estabelecido pela legisla\u00e7\u00e3o estadual, municipal ou distrital, ressalvados os feriados em comemora\u00e7\u00e3o \u00e0 data magna do estado.\u201d<\/p><\/blockquote>\n<p style=\"text-align: center;\"><strong>Confira o calend\u00e1rio de feriados nacionais e pontos facultativos<\/strong><\/p>\n<ul>\n<li>1\u00ba de janeiro, Confraterniza\u00e7\u00e3o Universal (feriado nacional);<\/li>\n<li>16 de fevereiro, carnaval (ponto facultativo);<\/li>\n<li>17 de fevereiro, carnaval (ponto facultativo);<\/li>\n<li>18 de fevereiro, Quarta-Feira de Cinzas (ponto facultativo at\u00e9 as 14h);<\/li>\n<li>3 de abril, Paix\u00e3o de Cristo (feriado nacional);<\/li>\n<li>20 de abril (ponto facultativo);<\/li>\n<li>21 de abril, Tiradentes (feriado nacional);<\/li>\n<li>1\u00ba de maio, Dia Mundial do Trabalho (feriado nacional);<\/li>\n<li>4 de junho, Corpus Christi (ponto facultativo);<\/li>\n<li>5 de junho (ponto facultativo);<\/li>\n<li>7 de setembro, Independ\u00eancia do Brasil (feriado nacional);<\/li>\n<li>12 de outubro, Nossa Senhora Aparecida (feriado nacional);<\/li>\n<li>28 de outubro, Dia do Servidor P\u00fablico federal (ponto facultativo);<\/li>\n<li>2 de novembro, Finados (feriado nacional);<\/li>\n<li>15 de novembro, Proclama\u00e7\u00e3o da Rep\u00fablica (feriado nacional);<\/li>\n<li>20 de novembro, Dia Nacional de Zumbi e da Consci\u00eancia Negra (feriado nacional);<\/li>\n<li>24 de dezembro, V\u00e9spera do Natal (ponto facultativo ap\u00f3s as 13h);<\/li>\n<li>25 de dezembro, Natal (feriado nacional); e<\/li>\n<li>31 de dezembro, V\u00e9spera do Ano Novo (ponto facultativo ap\u00f3s as 13h).<\/li>\n<\/ul>\n<p style=\"text-align: center;\"><strong>Confira o calend\u00e1rio de feriados estaduais<\/strong><\/p>\n<h3 data-start=\"594\" data-end=\"614\"><em><strong data-start=\"598\" data-end=\"614\">Regi\u00e3o Norte<\/strong><\/em><\/h3>\n<ul data-start=\"615\" data-end=\"1180\">\n<li data-start=\"615\" data-end=\"671\">\n<p data-start=\"617\" data-end=\"671\"><strong data-start=\"617\" data-end=\"630\">Acre (AC)<\/strong><br data-start=\"630\" data-end=\"633\" \/>\u2022 15 de junho \u2014 Data Magna do Acre<\/p>\n<\/li>\n<li data-start=\"673\" data-end=\"734\">\n<p data-start=\"675\" data-end=\"734\"><strong data-start=\"675\" data-end=\"689\">Amap\u00e1 (AP)<\/strong><br data-start=\"689\" data-end=\"692\" \/>\u2022 13 de setembro \u2014 Data Magna do Amap\u00e1<\/p>\n<\/li>\n<li data-start=\"736\" data-end=\"825\">\n<p data-start=\"738\" data-end=\"825\"><strong data-start=\"738\" data-end=\"755\">Amazonas (AM)<\/strong><br data-start=\"755\" data-end=\"758\" \/>\u2022 5 de setembro \u2014 Eleva\u00e7\u00e3o do Amazonas \u00e0 categoria de prov\u00edncia<\/p>\n<\/li>\n<li data-start=\"827\" data-end=\"919\">\n<p data-start=\"829\" data-end=\"919\"><strong data-start=\"829\" data-end=\"842\">Par\u00e1 (PA)<\/strong><br data-start=\"842\" data-end=\"845\" \/>\u2022 15 de agosto \u2014 Ades\u00e3o do Par\u00e1 \u00e0 Independ\u00eancia do Brasil (Data Magna)<\/p>\n<\/li>\n<li data-start=\"921\" data-end=\"1006\">\n<p data-start=\"923\" data-end=\"1006\"><strong data-start=\"923\" data-end=\"940\">Rond\u00f4nia (RO)<\/strong><br data-start=\"940\" data-end=\"943\" \/>\u2022 4 de janeiro \u2014 Cria\u00e7\u00e3o do Estado de Rond\u00f4nia (Data Magna)<\/p>\n<\/li>\n<li data-start=\"1008\" data-end=\"1091\">\n<p data-start=\"1010\" data-end=\"1091\"><strong data-start=\"1010\" data-end=\"1026\">Roraima (RR)<\/strong><br data-start=\"1026\" data-end=\"1029\" \/>\u2022 5 de outubro \u2014 Cria\u00e7\u00e3o do Estado de Roraima (Data Magna)<\/p>\n<\/li>\n<li data-start=\"1093\" data-end=\"1180\">\n<p data-start=\"1095\" data-end=\"1180\"><strong data-start=\"1095\" data-end=\"1113\">Tocantins (TO)<\/strong><br data-start=\"1113\" data-end=\"1116\" \/>\u2022 5 de outubro \u2014 Cria\u00e7\u00e3o do Estado do Tocantins (Data Magna)<\/p>\n<\/li>\n<\/ul>\n<h3 data-start=\"1187\" data-end=\"1210\"><em><strong data-start=\"1191\" data-end=\"1210\">Regi\u00e3o Nordeste<\/strong><\/em><\/h3>\n<ul data-start=\"1211\" data-end=\"2073\">\n<li data-start=\"1211\" data-end=\"1286\">\n<p data-start=\"1213\" data-end=\"1286\"><strong data-start=\"1213\" data-end=\"1229\">Alagoas (AL)<\/strong><br data-start=\"1229\" data-end=\"1232\" \/>\u2022 16 de setembro \u2014 Emancipa\u00e7\u00e3o Pol\u00edtica de Alagoas<\/p>\n<\/li>\n<li data-start=\"1288\" data-end=\"1361\">\n<p data-start=\"1290\" data-end=\"1361\"><strong data-start=\"1290\" data-end=\"1304\">Bahia (BA)<\/strong><br data-start=\"1304\" data-end=\"1307\" \/>\u2022 2 de julho \u2014 Independ\u00eancia da Bahia (Data Magna)<\/p>\n<\/li>\n<li data-start=\"1363\" data-end=\"1510\">\n<p data-start=\"1365\" data-end=\"1510\"><strong data-start=\"1365\" data-end=\"1379\">Cear\u00e1 (CE)<\/strong><br data-start=\"1379\" data-end=\"1382\" \/>\u2022 25 de mar\u00e7o \u2014 Data Magna do Cear\u00e1 (Aboli\u00e7\u00e3o da Escravid\u00e3o no estado)<br data-start=\"1454\" data-end=\"1457\" \/>\u2022 19 de mar\u00e7o \u2014 S\u00e3o Jos\u00e9 (Padroeiro do Estado) \u271d\ufe0f<\/p>\n<\/li>\n<li data-start=\"1512\" data-end=\"1598\">\n<p data-start=\"1514\" data-end=\"1598\"><strong data-start=\"1514\" data-end=\"1531\">Maranh\u00e3o (MA)<\/strong><br data-start=\"1531\" data-end=\"1534\" \/>\u2022 28 de julho \u2014 Ades\u00e3o do Maranh\u00e3o \u00e0 Independ\u00eancia do Brasil<\/p>\n<\/li>\n<li data-start=\"1600\" data-end=\"1731\">\n<p data-start=\"1602\" data-end=\"1731\"><strong data-start=\"1602\" data-end=\"1618\">Para\u00edba (PB)<\/strong><br data-start=\"1618\" data-end=\"1621\" \/>\u2022 5 de agosto \u2014 Funda\u00e7\u00e3o da Para\u00edba \/ Nossa Senhora das Neves \u271d\ufe0f<br data-start=\"1687\" data-end=\"1690\" \/><em data-start=\"1692\" data-end=\"1729\">(feriado c\u00edvico-religioso estadual)<\/em><\/p>\n<\/li>\n<li data-start=\"1733\" data-end=\"1811\">\n<p data-start=\"1735\" data-end=\"1811\"><strong data-start=\"1735\" data-end=\"1754\">Pernambuco (PE)<\/strong><br data-start=\"1754\" data-end=\"1757\" \/>\u2022 6 de mar\u00e7o \u2014 Revolu\u00e7\u00e3o Pernambucana (Data Magna)<\/p>\n<\/li>\n<li data-start=\"1813\" data-end=\"1879\">\n<p data-start=\"1815\" data-end=\"1879\"><strong data-start=\"1815\" data-end=\"1829\">Piau\u00ed (PI)<\/strong><br data-start=\"1829\" data-end=\"1832\" \/>\u2022 19 de outubro \u2014 Dia do Piau\u00ed (Data Magna)<\/p>\n<\/li>\n<li data-start=\"1881\" data-end=\"2000\">\n<p data-start=\"1883\" data-end=\"2000\"><strong data-start=\"1883\" data-end=\"1911\">Rio Grande do Norte (RN)<\/strong><br data-start=\"1911\" data-end=\"1914\" \/>\u2022 3 de outubro \u2014 M\u00e1rtires de Cunha\u00fa e Urua\u00e7u \u271d\ufe0f<br data-start=\"1963\" data-end=\"1966\" \/><em data-start=\"1968\" data-end=\"1998\">(feriado religioso estadual)<\/em><\/p>\n<\/li>\n<li data-start=\"2002\" data-end=\"2073\">\n<p data-start=\"2004\" data-end=\"2073\"><strong data-start=\"2004\" data-end=\"2020\">Sergipe (SE)<\/strong><br data-start=\"2020\" data-end=\"2023\" \/>\u2022 8 de julho \u2014 Emancipa\u00e7\u00e3o Pol\u00edtica de Sergipe<\/p>\n<\/li>\n<\/ul>\n<h3 data-start=\"2080\" data-end=\"2107\"><em><strong data-start=\"2084\" data-end=\"2107\">Regi\u00e3o Centro-Oeste<\/strong><\/em><\/h3>\n<ul data-start=\"2108\" data-end=\"2465\">\n<li data-start=\"2108\" data-end=\"2178\">\n<p data-start=\"2110\" data-end=\"2178\"><strong data-start=\"2110\" data-end=\"2135\">Distrito Federal (DF)<\/strong><br data-start=\"2135\" data-end=\"2138\" \/>\u2022 21 de abril \u2014 Funda\u00e7\u00e3o de Bras\u00edlia<\/p>\n<\/li>\n<li data-start=\"2180\" data-end=\"2294\">\n<p data-start=\"2182\" data-end=\"2294\"><strong data-start=\"2182\" data-end=\"2202\">Mato Grosso (MT)<\/strong><br data-start=\"2202\" data-end=\"2205\" \/>\u2022 20 de novembro \u2014 Consci\u00eancia Negra <em data-start=\"2244\" data-end=\"2292\">(feriado estadual antes de se tornar nacional)<\/em><\/p>\n<\/li>\n<li data-start=\"2296\" data-end=\"2367\">\n<p data-start=\"2298\" data-end=\"2367\"><strong data-start=\"2298\" data-end=\"2325\">Mato Grosso do Sul (MS)<\/strong><br data-start=\"2325\" data-end=\"2328\" \/>\u2022 11 de outubro \u2014 Cria\u00e7\u00e3o do Estado<\/p>\n<\/li>\n<li data-start=\"2369\" data-end=\"2465\">\n<p data-start=\"2371\" data-end=\"2465\"><strong data-start=\"2371\" data-end=\"2385\">Goi\u00e1s (GO)<\/strong><br data-start=\"2385\" data-end=\"2388\" \/>\u2022 <em data-start=\"2392\" data-end=\"2427\">N\u00e3o possui feriado estadual geral<\/em><br data-start=\"2427\" data-end=\"2430\" \/><em data-start=\"2432\" data-end=\"2463\">(somente feriados municipais)<\/em><\/p>\n<\/li>\n<\/ul>\n<h3 data-start=\"2472\" data-end=\"2494\"><em><strong data-start=\"2476\" data-end=\"2494\">Regi\u00e3o Sudeste<\/strong><\/em><\/h3>\n<ul data-start=\"2495\" data-end=\"2925\">\n<li data-start=\"2495\" data-end=\"2624\">\n<p data-start=\"2497\" data-end=\"2624\"><strong data-start=\"2497\" data-end=\"2520\">Esp\u00edrito Santo (ES)<\/strong><br data-start=\"2520\" data-end=\"2523\" \/>\u2022 8 de abril \u2014 Nossa Senhora da Penha \u271d\ufe0f<br data-start=\"2565\" data-end=\"2568\" \/><em data-start=\"2570\" data-end=\"2622\">(Padroeira do Estado \u2013 feriado religioso estadual)<\/em><\/p>\n<\/li>\n<li data-start=\"2626\" data-end=\"2748\">\n<p data-start=\"2628\" data-end=\"2748\"><strong data-start=\"2628\" data-end=\"2649\">Minas Gerais (MG)<\/strong><br data-start=\"2649\" data-end=\"2652\" \/>\u2022 21 de abril \u2014 Data Magna de Minas Gerais<br data-start=\"2696\" data-end=\"2699\" \/><em data-start=\"2701\" data-end=\"2746\">(coincide com Tiradentes, feriado nacional)<\/em><\/p>\n<\/li>\n<li data-start=\"2750\" data-end=\"2845\">\n<p data-start=\"2752\" data-end=\"2845\"><strong data-start=\"2752\" data-end=\"2775\">Rio de Janeiro (RJ)<\/strong><br data-start=\"2775\" data-end=\"2778\" \/>\u2022 23 de abril \u2014 S\u00e3o Jorge \u271d\ufe0f<br data-start=\"2808\" data-end=\"2811\" \/><em data-start=\"2813\" data-end=\"2843\">(feriado religioso estadual)<\/em><\/p>\n<\/li>\n<li data-start=\"2847\" data-end=\"2925\">\n<p data-start=\"2849\" data-end=\"2925\"><strong data-start=\"2849\" data-end=\"2867\">S\u00e3o Paulo (SP)<\/strong><br data-start=\"2867\" data-end=\"2870\" \/>\u2022 9 de julho \u2014 Revolu\u00e7\u00e3o Constitucionalista de 1932<\/p>\n<\/li>\n<\/ul>\n<h3 data-start=\"2932\" data-end=\"2950\"><em><strong data-start=\"2936\" data-end=\"2950\">Regi\u00e3o Sul<\/strong><\/em><\/h3>\n<ul data-start=\"2951\" data-end=\"3173\">\n<li data-start=\"2951\" data-end=\"3012\">\n<p data-start=\"2953\" data-end=\"3012\"><strong data-start=\"2953\" data-end=\"2968\">Paran\u00e1 (PR)<\/strong><br data-start=\"2968\" data-end=\"2971\" \/>\u2022 <em data-start=\"2975\" data-end=\"3010\">N\u00e3o possui feriado estadual geral<\/em><\/p>\n<\/li>\n<li data-start=\"3014\" data-end=\"3083\">\n<p data-start=\"3016\" data-end=\"3083\"><strong data-start=\"3016\" data-end=\"3039\">Santa Catarina (SC)<\/strong><br data-start=\"3039\" data-end=\"3042\" \/>\u2022 <em data-start=\"3046\" data-end=\"3081\">N\u00e3o possui feriado estadual geral<\/em><\/p>\n<\/li>\n<li data-start=\"3085\" data-end=\"3173\">\n<p data-start=\"3087\" data-end=\"3173\"><strong data-start=\"3087\" data-end=\"3113\">Rio Grande do Sul (RS)<\/strong><br data-start=\"3113\" data-end=\"3116\" \/>\u2022 20 de setembro \u2014 Revolu\u00e7\u00e3o Farroupilha (Data Magna)<\/p>\n<\/li>\n<\/ul>\n<p>Fonte: Ag\u00eancia Brasil<\/p>\n","protected":false},"excerpt":{"rendered":"<p>O Minist\u00e9rio da Gest\u00e3o e da Inova\u00e7\u00e3o em Servi\u00e7os P\u00fablicos publicou nesta ter\u00e7a-feira (30)\u00a0portaria\u00a0que estabelece feriados nacionais e pontos facultativos de 2026.\u00a0Dos 10 feriados nacionais,&#8230;<\/p>\n","protected":false},"author":1527,"featured_media":63318,"comment_status":"closed","ping_status":"closed","sticky":false,"template":"","format":"standard","meta":{"footnotes":""},"categories":[6],"tags":[],"class_list":["post-63317","post","type-post","status-publish","format-standard","has-post-thumbnail","hentry","category-noticias"],"_links":{"self":[{"href":"https:\/\/www.sincomam.org.br\/index.php\/wp-json\/wp\/v2\/posts\/63317","targetHints":{"allow":["GET"]}}],"collection":[{"href":"https:\/\/www.sincomam.org.br\/index.php\/wp-json\/wp\/v2\/posts"}],"about":[{"href":"https:\/\/www.sincomam.org.br\/index.php\/wp-json\/wp\/v2\/types\/post"}],"author":[{"embeddable":true,"href":"https:\/\/www.sincomam.org.br\/index.php\/wp-json\/wp\/v2\/users\/1527"}],"replies":[{"embeddable":true,"href":"https:\/\/www.sincomam.org.br\/index.php\/wp-json\/wp\/v2\/comments?post=63317"}],"version-history":[{"count":4,"href":"https:\/\/www.sincomam.org.br\/index.php\/wp-json\/wp\/v2\/posts\/63317\/revisions"}],"predecessor-version":[{"id":63446,"href":"https:\/\/www.sincomam.org.br\/index.php\/wp-json\/wp\/v2\/posts\/63317\/revisions\/63446"}],"wp:featuredmedia":[{"embeddable":true,"href":"https:\/\/www.sincomam.org.br\/index.php\/wp-json\/wp\/v2\/media\/63318"}],"wp:attachment":[{"href":"https:\/\/www.sincomam.org.br\/index.php\/wp-json\/wp\/v2\/media?parent=63317"}],"wp:term":[{"taxonomy":"category","embeddable":true,"href":"https:\/\/www.sincomam.org.br\/index.php\/wp-json\/wp\/v2\/categories?post=63317"},{"taxonomy":"post_tag","embeddable":true,"href":"https:\/\/www.sincomam.org.br\/index.php\/wp-json\/wp\/v2\/tags?post=63317"}],"curies":[{"name":"wp","href":"https:\/\/api.w.org\/{rel}","templated":true}]}}