{"id":63290,"date":"2026-01-08T09:08:54","date_gmt":"2026-01-08T12:08:54","guid":{"rendered":"https:\/\/www.sincomam.org.br\/?p=63290"},"modified":"2026-01-08T09:08:54","modified_gmt":"2026-01-08T12:08:54","slug":"marinha-vai-alem-dos-numeros-e-reforca-soberania-em-2025","status":"publish","type":"post","link":"https:\/\/www.sincomam.org.br\/index.php\/marinha-vai-alem-dos-numeros-e-reforca-soberania-em-2025\/","title":{"rendered":"Marinha vai al\u00e9m dos n\u00fameros e refor\u00e7a soberania em 2025"},"content":{"rendered":"<p data-start=\"288\" data-end=\"628\">Mais do que estat\u00edsticas operacionais,\u00a0<strong data-start=\"327\" data-end=\"406\">2025 reafirmou o papel estrat\u00e9gico da\u00a0<span class=\"hover:entity-accent entity-underline inline cursor-pointer align-baseline\"><span class=\"whitespace-normal\">Marinha do Brasil<\/span><\/span><\/strong>\u00a0na\u00a0<strong data-start=\"410\" data-end=\"442\">defesa da soberania nacional<\/strong>. Em uma atua\u00e7\u00e3o que combinou\u00a0<strong data-start=\"472\" data-end=\"539\">presen\u00e7a naval, inova\u00e7\u00e3o tecnol\u00f3gica e apoio direto \u00e0 sociedade<\/strong>, a For\u00e7a consolidou o mar como eixo central do desenvolvimento e da seguran\u00e7a do Pa\u00eds.<\/p>\n<p data-start=\"630\" data-end=\"911\">A\u00a0<strong data-start=\"632\" data-end=\"699\">Retrospectiva e Mensagem de Fim de Ano do Comandante da Marinha<\/strong>\u00a0evidenciam um ciclo marcado por\u00a0<strong data-start=\"732\" data-end=\"800\">expans\u00e3o territorial, prontid\u00e3o operacional e compromisso humano<\/strong>, no qual a Marinha foi al\u00e9m dos n\u00fameros e refor\u00e7ou seu papel como instrumento permanente do Estado brasileiro.<\/p>\n<h3 data-start=\"943\" data-end=\"1001\"><strong data-start=\"950\" data-end=\"1001\">Soberania mar\u00edtima e amplia\u00e7\u00e3o da Amaz\u00f4nia Azul<\/strong><\/h3>\n<p data-start=\"1003\" data-end=\"1314\">O ano de 2025 come\u00e7ou com uma\u00a0<strong data-start=\"1033\" data-end=\"1079\">vit\u00f3ria estrat\u00e9gica no plano internacional<\/strong>: o reconhecimento, no \u00e2mbito da ONU, da amplia\u00e7\u00e3o de\u00a0<strong data-start=\"1133\" data-end=\"1185\">360 mil km\u00b2 da\u00a0plataforma continental\u00a0brasileira<\/strong>\u00a0na Margem Equatorial. O avan\u00e7o consolidou a dimens\u00e3o da\u00a0<strong data-start=\"1242\" data-end=\"1259\">Amaz\u00f4nia Azul<\/strong>\u00a0como ativo geopol\u00edtico, econ\u00f4mico e ambiental do Pa\u00eds.<\/p>\n<div>\n<p data-start=\"1316\" data-end=\"1639\">Esse movimento foi acompanhado por instrumentos estruturantes, como a\u00a0<strong data-start=\"1386\" data-end=\"1421\">nova Pol\u00edtica Mar\u00edtima Nacional<\/strong>, a cria\u00e7\u00e3o da\u00a0<strong data-start=\"1436\" data-end=\"1477\">Frente Parlamentar da Economia do Mar<\/strong>\u00a0e o avan\u00e7o do\u00a0<strong data-start=\"1492\" data-end=\"1525\">Planejamento Espacial Marinho<\/strong>, especialmente na regi\u00e3o Sudeste, onde se concentram atividades portu\u00e1rias, energ\u00e9ticas, pesqueiras e tur\u00edsticas.<\/p>\n<h3 data-start=\"1646\" data-end=\"1710\"><strong data-start=\"1653\" data-end=\"1710\">Prontid\u00e3o operacional, COP30 e resposta a emerg\u00eancias<\/strong><\/h3>\n<p data-start=\"1712\" data-end=\"1988\">Em terra, rios e mar, a atua\u00e7\u00e3o da Marinha manteve-se abrangente. A fiscaliza\u00e7\u00e3o naval intensificou o combate a\u00a0<strong data-start=\"1824\" data-end=\"1847\">il\u00edcitos ambientais<\/strong>\u00a0na Amaz\u00f4nia, enquanto a\u00a0<strong data-start=\"1872\" data-end=\"1894\">intelig\u00eancia naval<\/strong>\u00a0ganhou destaque na intercepta\u00e7\u00e3o de um\u00a0<strong data-start=\"1934\" data-end=\"1970\">semissubmers\u00edvel do narcotr\u00e1fico<\/strong>\u00a0na costa do Par\u00e1.<\/p>\n<p data-start=\"1990\" data-end=\"2342\">O maior esfor\u00e7o log\u00edstico do ano ocorreu em Bel\u00e9m (PA), durante a prepara\u00e7\u00e3o da\u00a0<strong data-start=\"2070\" data-end=\"2079\">COP30<\/strong>. A\u00a0<strong data-start=\"2083\" data-end=\"2103\">Opera\u00e7\u00e3o \u201cAtlas\u201d<\/strong>, conduzida a partir do\u00a0<strong data-start=\"2127\" data-end=\"2171\">Navio-Aer\u00f3dromo Multiprop\u00f3sito Atl\u00e2ntico<\/strong>, integrou meios navais, aeronavais e tropas sob o\u00a0<strong data-start=\"2222\" data-end=\"2266\">Comando Operacional Conjunto \u201cMarajoara\u201d<\/strong>, reunindo cerca de\u00a0<strong data-start=\"2286\" data-end=\"2305\">3 mil militares<\/strong>\u00a0para garantir a seguran\u00e7a do evento.<\/p>\n<p data-start=\"2344\" data-end=\"2555\">A prontid\u00e3o tamb\u00e9m se refletiu no apoio \u00e0 sociedade, com atua\u00e7\u00e3o decisiva nas\u00a0<strong data-start=\"2422\" data-end=\"2453\">cheias do Rio Grande do Sul<\/strong>\u00a0e no colapso da\u00a0<strong data-start=\"2470\" data-end=\"2512\">Ponte Juscelino Kubitschek de Oliveira<\/strong>, reafirmando o papel humanit\u00e1rio da For\u00e7a.<\/p>\n<h3 data-start=\"2562\" data-end=\"2626\"><strong data-start=\"2569\" data-end=\"2626\">Renova\u00e7\u00e3o da Esquadra, presen\u00e7a global e fator humano<\/strong><\/h3>\n<p data-start=\"2628\" data-end=\"2988\">O\u00a0<strong data-start=\"2630\" data-end=\"2645\">Poder Naval<\/strong>\u00a0avan\u00e7ou de forma concreta em 2025. O\u00a0<strong data-start=\"2683\" data-end=\"2709\">Programa de Submarinos<\/strong>\u00a0registrou a entrega do\u00a0<strong data-start=\"2733\" data-end=\"2755\">Submarino Tonelero<\/strong>, o lan\u00e7amento do\u00a0<strong data-start=\"2773\" data-end=\"2802\">Submarino Almirante Karam<\/strong>\u00a0e a patrulha do\u00a0<strong data-start=\"2819\" data-end=\"2840\">Submarino Humait\u00e1<\/strong>\u00a0na Margem Equatorial. Na superf\u00edcie, a\u00a0<strong data-start=\"2880\" data-end=\"2901\">Fragata Tamandar\u00e9<\/strong>\u00a0iniciou testes de mar, enquanto novas unidades refor\u00e7aram a constru\u00e7\u00e3o naval nacional.<\/p>\n<p data-start=\"2990\" data-end=\"3251\">No exterior, a Marinha ampliou sua proje\u00e7\u00e3o estrat\u00e9gica, com destaque para o comando brasileiro da for\u00e7a-tarefa antipirataria\u00a0<strong data-start=\"3116\" data-end=\"3127\">CTF-151<\/strong>, a coopera\u00e7\u00e3o com pa\u00edses africanos e a reelei\u00e7\u00e3o do\u00a0Brasil\u00a0para o\u00a0<strong data-start=\"3194\" data-end=\"3250\">Conselho da Organiza\u00e7\u00e3o Mar\u00edtima Internacional (IMO)<\/strong>.<\/p>\n<p data-start=\"3253\" data-end=\"3556\">Internamente, o fator humano ganhou protagonismo, com\u00a0<strong data-start=\"3307\" data-end=\"3350\">avan\u00e7os hist\u00f3ricos da presen\u00e7a feminina<\/strong>, resultados expressivos no esporte de alto rendimento e amplia\u00e7\u00e3o das oportunidades educacionais e profissionais. A mensagem final do ano reafirmou que soberania se constr\u00f3i com meios, pessoas e prop\u00f3sito.<\/p>\n<p data-start=\"3253\" data-end=\"3556\">Fonte: Defesa em Foco<\/p>\n<\/div>\n","protected":false},"excerpt":{"rendered":"<p>Mais do que estat\u00edsticas operacionais,\u00a02025 reafirmou o papel estrat\u00e9gico da\u00a0Marinha do Brasil\u00a0na\u00a0defesa da soberania nacional. Em uma atua\u00e7\u00e3o que combinou\u00a0presen\u00e7a naval, inova\u00e7\u00e3o tecnol\u00f3gica e apoio&#8230;<\/p>\n","protected":false},"author":1527,"featured_media":63291,"comment_status":"closed","ping_status":"closed","sticky":false,"template":"","format":"standard","meta":{"footnotes":""},"categories":[6],"tags":[],"class_list":["post-63290","post","type-post","status-publish","format-standard","has-post-thumbnail","hentry","category-noticias"],"_links":{"self":[{"href":"https:\/\/www.sincomam.org.br\/index.php\/wp-json\/wp\/v2\/posts\/63290","targetHints":{"allow":["GET"]}}],"collection":[{"href":"https:\/\/www.sincomam.org.br\/index.php\/wp-json\/wp\/v2\/posts"}],"about":[{"href":"https:\/\/www.sincomam.org.br\/index.php\/wp-json\/wp\/v2\/types\/post"}],"author":[{"embeddable":true,"href":"https:\/\/www.sincomam.org.br\/index.php\/wp-json\/wp\/v2\/users\/1527"}],"replies":[{"embeddable":true,"href":"https:\/\/www.sincomam.org.br\/index.php\/wp-json\/wp\/v2\/comments?post=63290"}],"version-history":[{"count":1,"href":"https:\/\/www.sincomam.org.br\/index.php\/wp-json\/wp\/v2\/posts\/63290\/revisions"}],"predecessor-version":[{"id":63292,"href":"https:\/\/www.sincomam.org.br\/index.php\/wp-json\/wp\/v2\/posts\/63290\/revisions\/63292"}],"wp:featuredmedia":[{"embeddable":true,"href":"https:\/\/www.sincomam.org.br\/index.php\/wp-json\/wp\/v2\/media\/63291"}],"wp:attachment":[{"href":"https:\/\/www.sincomam.org.br\/index.php\/wp-json\/wp\/v2\/media?parent=63290"}],"wp:term":[{"taxonomy":"category","embeddable":true,"href":"https:\/\/www.sincomam.org.br\/index.php\/wp-json\/wp\/v2\/categories?post=63290"},{"taxonomy":"post_tag","embeddable":true,"href":"https:\/\/www.sincomam.org.br\/index.php\/wp-json\/wp\/v2\/tags?post=63290"}],"curies":[{"name":"wp","href":"https:\/\/api.w.org\/{rel}","templated":true}]}}