{"id":63287,"date":"2026-01-08T09:06:58","date_gmt":"2026-01-08T12:06:58","guid":{"rendered":"https:\/\/www.sincomam.org.br\/?p=63287"},"modified":"2026-01-08T09:06:58","modified_gmt":"2026-01-08T12:06:58","slug":"mpf-pede-explicacoes-a-petrobras-e-ao-ibama-sobre-vazamento-de-fluido-na-foz-do-amazonas","status":"publish","type":"post","link":"https:\/\/www.sincomam.org.br\/index.php\/mpf-pede-explicacoes-a-petrobras-e-ao-ibama-sobre-vazamento-de-fluido-na-foz-do-amazonas\/","title":{"rendered":"MPF pede explica\u00e7\u00f5es \u00e0 Petrobras e ao Ibama sobre vazamento de fluido na Foz do Amazonas"},"content":{"rendered":"<div id=\"chunk-dgit6\">\n<div class=\"mc-column content-text active-extra-styles \" data-block-type=\"unstyled\" data-block-weight=\"33\" data-block-id=\"3\">\n<p class=\" content-text__container \" data-track-category=\"Link no Texto\" data-track-links=\"\" data-mrf-recirculation=\"Mat\u00e9ria - Links no Texto\">O Minist\u00e9rio P\u00fablico Federal (MPF) no Amap\u00e1 pediu explica\u00e7\u00f5es \u00e0\u00a0Petrobras\u00a0e ao\u00a0Ibama\u00a0sobre o\u00a0vazamento de fluido que levou \u00e0 interrup\u00e7\u00e3o da perfura\u00e7\u00e3o na Foz do Amazonas\u00a0no \u00faltimo domingo (4).<\/p>\n<\/div>\n<\/div>\n<div class=\"wall protected-content\">\n<div id=\"chunk-2u8ef\">\n<div class=\"mc-column content-text active-extra-styles \" data-block-type=\"unstyled\" data-block-weight=\"38\" data-block-id=\"5\">\n<p class=\" content-text__container \" data-track-category=\"Link no Texto\" data-track-links=\"\" data-mrf-recirculation=\"Mat\u00e9ria - Links no Texto\">Nos documentos, a procuradoria solicita as informa\u00e7\u00f5es \u201ccom urg\u00eancia\u201d e\u00a0<span class=\"highlight highlighted\">estabeleceu prazo de 48 horas para a apresenta\u00e7\u00e3o das respostas.<\/span>\u00a0Segundo o MPF, os of\u00edcios foram enviados na ter\u00e7a-feira (6), logo ap\u00f3s a divulga\u00e7\u00e3o do caso pela imprensa.<\/p>\n<div id=\"chunk-eif1e\">\n<div class=\"mc-column content-text active-extra-styles \" data-block-type=\"unstyled\" data-block-weight=\"46\" data-block-id=\"9\">\n<p class=\" content-text__container \" data-track-category=\"Link no Texto\" data-track-links=\"\" data-mrf-recirculation=\"Mat\u00e9ria - Links no Texto\">A petroleira informou, na ter\u00e7a-feira, o interrompimento da perfura\u00e7\u00e3o na Foz do Amazonas ap\u00f3s identificar a perda de fluido em duas linhas auxiliares \u2014 tubula\u00e7\u00f5es de apoio que ligam o navio-sonda ao po\u00e7o Morpho.\u00a0O local est\u00e1 a cerca de 175 quil\u00f4metros da costa do Amap\u00e1.<\/p>\n<\/div>\n<\/div>\n<div id=\"chunk-2f42a\">\n<div class=\"mc-column content-text active-extra-styles \" data-block-type=\"unstyled\" data-block-weight=\"47\" data-block-id=\"10\">\n<p class=\" content-text__container \" data-track-category=\"Link no Texto\" data-track-links=\"\" data-mrf-recirculation=\"Mat\u00e9ria - Links no Texto\">Segundo a estatal, o vazamento, identificado no domingo, foi imediatamente contido e isolado. A opera\u00e7\u00e3o foi suspendida para que as tubula\u00e7\u00f5es fossem levadas \u00e0 superf\u00edcie, avaliadas e reparadas. O Ibama disse ter sido comunicado sobre o caso e que\u00a0<strong>n\u00e3o houve vazamento de petr\u00f3leo<\/strong>.<\/p>\n<div id=\"chunk-439ns\">\n<div class=\"mc-column content-text active-extra-styles \" data-block-type=\"unstyled\" data-block-weight=\"39\" data-block-id=\"16\">\n<p class=\" content-text__container \" data-track-category=\"Link no Texto\" data-track-links=\"\" data-mrf-recirculation=\"Mat\u00e9ria - Links no Texto\">Em nota, a companhia afirmou ainda que adotou todas as medidas de controle e notificou os \u00f3rg\u00e3os competentes. Acrescentou que o fluido \u201catende aos limites de toxicidade permitidos\u201d e \u00e9 biodegrad\u00e1vel, sem risco ao meio ambiente ou \u00e0 popula\u00e7\u00e3o.<\/p>\n<\/div>\n<\/div>\n<div id=\"chunk-6ps96\">\n<div class=\"mc-column content-text active-extra-styles \" data-block-type=\"unstyled\" data-block-weight=\"27\" data-block-id=\"17\">\n<p class=\" content-text__container \" data-track-category=\"Link no Texto\" data-track-links=\"\" data-mrf-recirculation=\"Mat\u00e9ria - Links no Texto\">O presidente do Ibama, Rodrigo Agostinho, afirmou que houve um problema de despressuriza\u00e7\u00e3o, que provocou o vazamento de um l\u00edquido conhecido como fluido hidr\u00e1ulico, de car\u00e1ter biodegrad\u00e1vel.<\/p>\n<div id=\"chunk-9l8g6\">\n<div class=\"mc-column content-text active-extra-styles \" data-block-type=\"unstyled\" data-block-weight=\"35\" data-block-id=\"19\">\n<p class=\" content-text__container \" data-track-category=\"Link no Texto\" data-track-links=\"\" data-mrf-recirculation=\"Mat\u00e9ria - Links no Texto\">Segundo ele, a estatal manteve contato com o Ibama desde a segunda-feira (5), e o plano de emerg\u00eancia est\u00e1 funcionando conforme o previsto. \u201cNos pr\u00f3ximos dias, a Petrobras far\u00e1 os reparos e retomar\u00e1 os trabalhos.\u201d<\/p>\n<\/div>\n<\/div>\n<div id=\"chunk-5adh\">\n<div class=\"mc-column content-text active-extra-styles \" data-block-type=\"unstyled\" data-block-weight=\"24\" data-block-id=\"20\">\n<p class=\" content-text__container \" data-track-category=\"Link no Texto\" data-track-links=\"\" data-mrf-recirculation=\"Mat\u00e9ria - Links no Texto\">Em nota emitida na tarde desta ter\u00e7a, o Ibama informou que foi notificado pela Petrobras por meio do Sistema Nacional de Emerg\u00eancias Ambientais (Siema).<\/p>\n<\/div>\n<\/div>\n<div id=\"chunk-7vuos\">\n<div class=\"mc-column content-text active-extra-styles \" data-block-type=\"unstyled\" data-block-weight=\"32\" data-block-id=\"21\">\n<p class=\" content-text__container \" data-track-category=\"Link no Texto\" data-track-links=\"\" data-mrf-recirculation=\"Mat\u00e9ria - Links no Texto\">Segundo o instituto, a estatal declarou que as opera\u00e7\u00f5es foram interrompidas, as linhas afetadas foram isoladas na superf\u00edcie e a v\u00e1lvula de fundo foi mantida fechada.<\/p>\n<p data-track-category=\"Link no Texto\" data-track-links=\"\" data-mrf-recirculation=\"Mat\u00e9ria - Links no Texto\">\n<div id=\"chunk-5q8ot\">\n<div class=\"mc-column content-text active-extra-styles\" data-block-type=\"raw\" data-block-weight=\"5\" data-block-id=\"24\">\n<div class=\"content-intertitle\">\n<h2>Explora\u00e7\u00e3o da Foz do Amazonas<\/h2>\n<\/div>\n<p>Em outubro de 2025, o Ibama autorizou a Petrobras a perfurar um po\u00e7o em \u00e1guas profundas na regi\u00e3o da Foz do Amazonas, localizada na\u00a0<strong>Margem Equatorial\u00a0<\/strong>\u2014 que se estende do Amap\u00e1 ao Rio Grande do Norte. O aval \u00e9 exclusivo para pesquisa explorat\u00f3ria.<\/p>\n<\/div>\n<\/div>\n<div id=\"chunk-fic89\">\n<div class=\"mc-column content-text active-extra-styles \" data-block-type=\"unstyled\" data-block-weight=\"19\" data-block-id=\"26\">\n<p class=\" content-text__container \" data-track-category=\"Link no Texto\" data-track-links=\"\" data-mrf-recirculation=\"Mat\u00e9ria - Links no Texto\">A atividade na regi\u00e3o \u00e9\u00a0duramente criticada por ambientalistas, enquanto especialistas em petr\u00f3leo ressaltam sua\u00a0import\u00e2ncia para a produ\u00e7\u00e3o.<\/p>\n<\/div>\n<\/div>\n<div id=\"chunk-c1p4r\">\n<div class=\"mc-column content-text active-extra-styles \" data-block-type=\"unstyled\" data-block-weight=\"35\" data-block-id=\"27\">\n<p class=\" content-text__container \" data-track-category=\"Link no Texto\" data-track-links=\"\" data-mrf-recirculation=\"Mat\u00e9ria - Links no Texto\">A perfura\u00e7\u00e3o pela estatal\u00a0come\u00e7ou imediatamente ap\u00f3s o aval do Ibama. A previs\u00e3o \u00e9 que a explora\u00e7\u00e3o dure cerca de cinco meses. Os efeitos concretos da iniciativa, portanto, s\u00f3 poder\u00e3o ser observados ap\u00f3s esse per\u00edodo.<\/p>\n<div id=\"chunk-b30ok\">\n<div class=\"mc-column content-text active-extra-styles \" data-block-type=\"unstyled\" data-block-weight=\"22\" data-block-id=\"29\">\n<p class=\" content-text__container \" data-track-category=\"Link no Texto\" data-track-links=\"\" data-mrf-recirculation=\"Mat\u00e9ria - Links no Texto\">Segundo a Petrobras, o processo prev\u00ea a coleta de dados geol\u00f3gicos para verificar a presen\u00e7a de petr\u00f3leo e g\u00e1s em escala comercial.<\/p>\n<\/div>\n<\/div>\n<div id=\"chunk-167rn\">\n<div class=\"mc-column content-text active-extra-styles \" data-block-type=\"unstyled\" data-block-weight=\"34\" data-block-id=\"30\">\n<p class=\" content-text__container \" data-track-category=\"Link no Texto\" data-track-links=\"\" data-mrf-recirculation=\"Mat\u00e9ria - Links no Texto\">A perfura\u00e7\u00e3o \u00e9 realizada no bloco FZA-M-059, localizado em mar aberto, a\u00a0<strong>cerca de 175 km da costa do Amap\u00e1 e 500 km da foz do Rio Amazonas<\/strong>, em uma \u00e1rea de \u00e1guas profundas.<\/p>\n<\/div>\n<\/div>\n<div id=\"chunk-87u1s\">\n<div class=\"mc-column content-text active-extra-styles \" data-block-type=\"unstyled\" data-block-weight=\"46\" data-block-id=\"31\">\n<p class=\" content-text__container \" data-track-category=\"Link no Texto\" data-track-links=\"\" data-mrf-recirculation=\"Mat\u00e9ria - Links no Texto\">A \u00e1rea est\u00e1 localizada no extremo oeste da Margem Equatorial brasileira e\u00a0<strong>tem cerca de 268 mil km\u00b2<\/strong>, de acordo com a petroleira. A extens\u00e3o abrange a plataforma continental, o talude e a regi\u00e3o de \u00e1guas profundas, at\u00e9 o limite entre as crostas continental e oce\u00e2nica.<\/p>\n<div id=\"chunk-5rv97\">\n<div class=\"mc-column content-text active-extra-styles \" data-block-type=\"unstyled\" data-block-weight=\"34\" data-block-id=\"33\">\n<p class=\" content-text__container \" data-track-category=\"Link no Texto\" data-track-links=\"\" data-mrf-recirculation=\"Mat\u00e9ria - Links no Texto\">A Margem Equatorial \u00e9 vista como uma das novas fronteiras de explora\u00e7\u00e3o de petr\u00f3leo e g\u00e1s no Brasil, com potencial para se tornar um\u00a0<strong>novo \u201cpr\u00e9-sal\u201d<\/strong>, segundo o\u00a0Minist\u00e9rio de Minas e Energia\u00a0(MME).<\/p>\n<\/div>\n<\/div>\n<div id=\"chunk-408i2\">\n<div class=\"mc-column content-text active-extra-styles\" data-block-type=\"raw\" data-block-weight=\"2\" data-block-id=\"34\">\n<p class=\"content-text__container\" data-mrf-recirculation=\"Mat\u00e9ria - Links no Texto\">\n<div class=\"content-intertitle\">\n<h2>Potencial explorat\u00f3rio<\/h2>\n<\/div>\n<p>O governo estima que <span class=\"highlight highlighted\">a Margem Equatorial teria reservas que permitiriam explorar\u00a0<\/span><strong><span class=\"highlight highlighted\">1,1 milh\u00e3o de barris de petr\u00f3leo diariamente.<\/span><\/strong>\u00a0\u00c9 mais do que a capacidade dos dois principais campos da Bacia de Santos: Tupi, com cerca de 850 mil barris por dia, e B\u00fazios, que ultrapassou os 900 mil.<\/p>\n<\/div>\n<\/div>\n<div id=\"chunk-312ja\">\n<div class=\"mc-column content-text active-extra-styles \" data-block-type=\"unstyled\" data-block-weight=\"47\" data-block-id=\"36\">\n<p class=\" content-text__container \" data-track-category=\"Link no Texto\" data-track-links=\"\" data-mrf-recirculation=\"Mat\u00e9ria - Links no Texto\">Segundo o MME, com isso,\u00a0<strong>seria poss\u00edvel retirar at\u00e9 10 bilh\u00f5es de barris de petr\u00f3leo da regi\u00e3o.<\/strong>\u00a0Atualmente, o Brasil tem uma reserva comprovada de 16,8 bilh\u00f5es de barris \u2014 o que seria suficiente para manter o pa\u00eds sem precisar comprar petr\u00f3leo de outros pa\u00edses at\u00e9 2030.<\/p>\n<\/div>\n<\/div>\n<div id=\"chunk-8l011\">\n<div class=\"mc-column content-text active-extra-styles \" data-block-type=\"unstyled\" data-block-weight=\"44\" data-block-id=\"37\">\n<p class=\" content-text__container \" data-track-category=\"Link no Texto\" data-track-links=\"\" data-mrf-recirculation=\"Mat\u00e9ria - Links no Texto\">A Empresa de Pesquisa Energ\u00e9tica (EPE) calcula que a\u00a0<strong><span class=\"highlight highlighted\">Bacia da Foz do Amazonas<\/span><\/strong><span class=\"highlight highlighted\">\u00a0possui um volume recuper\u00e1vel de 6,2 bilh\u00f5es de barris de \u00f3leo equivalente.<\/span>\u00a0A estimativa faz parte de um estudo que comp\u00f5e um projeto dedicado \u00e0 an\u00e1lise das bacias sedimentares brasileiras.<\/p>\n<p data-track-category=\"Link no Texto\" data-track-links=\"\" data-mrf-recirculation=\"Mat\u00e9ria - Links no Texto\">\n<div id=\"chunk-buho8\">\n<div class=\"mc-column content-text active-extra-styles\" data-block-type=\"raw\" data-block-weight=\"7\" data-block-id=\"40\">\n<div class=\"content-intertitle\">\n<h2><strong>Veja a \u00edntegra da nota da Petrobras:<\/strong><\/h2>\n<\/div>\n<p><em>A Petrobras informa que, neste domingo (04\/01), foi identificada perda de fluido de perfura\u00e7\u00e3o em duas linhas auxiliares que conectam a sonda de perfura\u00e7\u00e3o ao po\u00e7o Morpho, localizado a cerca de 175 quil\u00f4metros da costa do estado do Amap\u00e1.<\/em><\/p>\n<\/div>\n<\/div>\n<div id=\"chunk-3i95d\">\n<div class=\"mc-column content-text active-extra-styles \" data-block-type=\"unstyled\" data-block-weight=\"21\" data-block-id=\"42\">\n<p class=\" content-text__container \" data-track-category=\"Link no Texto\" data-track-links=\"\" data-mrf-recirculation=\"Mat\u00e9ria - Links no Texto\"><em>A perda do fluido de perfura\u00e7\u00e3o foi imediatamente contida e isolada. As linhas ser\u00e3o trazidas \u00e0 superf\u00edcie para avalia\u00e7\u00e3o e reparo.<\/em><\/p>\n<\/div>\n<\/div>\n<div id=\"chunk-80pcs\">\n<div class=\"mc-column content-text active-extra-styles \" data-block-type=\"unstyled\" data-block-weight=\"29\" data-block-id=\"43\">\n<p class=\" content-text__container \" data-track-category=\"Link no Texto\" data-track-links=\"\" data-mrf-recirculation=\"Mat\u00e9ria - Links no Texto\"><em>N\u00e3o h\u00e1 problemas com a sonda ou com o po\u00e7o, que permanecem em total condi\u00e7\u00e3o de seguran\u00e7a. A ocorr\u00eancia tamb\u00e9m n\u00e3o oferece riscos \u00e0 seguran\u00e7a da opera\u00e7\u00e3o de perfura\u00e7\u00e3o.<\/em><\/p>\n<\/div>\n<\/div>\n<div id=\"chunk-ddvbk\">\n<div class=\"mc-column content-text active-extra-styles \" data-block-type=\"unstyled\" data-block-weight=\"35\" data-block-id=\"44\">\n<p class=\" content-text__container \" data-track-category=\"Link no Texto\" data-track-links=\"\" data-mrf-recirculation=\"Mat\u00e9ria - Links no Texto\"><em>A Petrobras adotou todas as medidas de controle e notificou os \u00f3rg\u00e3os competentes. O fluido utilizado atende aos limites de toxicidade permitidos e \u00e9 biodegrad\u00e1vel, portanto n\u00e3o h\u00e1 dano ao meio ambiente ou \u00e0s pessoas.<\/em><\/p>\n<\/div>\n<\/div>\n<div id=\"chunk-3fnjm\">\n<div class=\"mc-column content-text active-extra-styles\" data-block-type=\"raw\" data-block-weight=\"7\" data-block-id=\"45\">\n<p class=\"content-text__container\" data-mrf-recirculation=\"Mat\u00e9ria - Links no Texto\">\n<div class=\"content-intertitle\">\n<h2>Veja a \u00edntegra da nota do Ibama:<\/h2>\n<\/div>\n<p><em>O Instituto Brasileiro do Meio Ambiente e dos Recursos Naturais Renov\u00e1veis (Ibama) recebeu, no \u00faltimo domingo (04\/01), Comunica\u00e7\u00e3o Inicial de Incidente da Petrobras sobre a perda de fluido de perfura\u00e7\u00e3o em duas linhas auxiliares que conectam a sonda de perfura\u00e7\u00e3o ao po\u00e7o Morpho, localizado a cerca de 175 km da costa do Amap\u00e1.<\/em><\/p>\n<\/div>\n<\/div>\n<div id=\"chunk-cmth9\">\n<div class=\"mc-column content-text active-extra-styles \" data-block-type=\"unstyled\" data-block-weight=\"51\" data-block-id=\"47\">\n<p class=\" content-text__container \" data-track-category=\"Link no Texto\" data-track-links=\"\" data-mrf-recirculation=\"Mat\u00e9ria - Links no Texto\"><em>Consta na Comunica\u00e7\u00e3o, enviada via Sistema Nacional de Emerg\u00eancias Ambientais (Siema), canal oficial de comunica\u00e7\u00e3o de acidentes, que durante a circula\u00e7\u00e3o de fluido de perfura\u00e7\u00e3o do po\u00e7o (fluido de perfura\u00e7\u00e3o de base n\u00e3o aquosa) foi observado o ind\u00edcio de perda e, ap\u00f3s inspe\u00e7\u00e3o, foi constatada descarga do fluido para o mar.<\/em><\/p>\n<\/div>\n<\/div>\n<div id=\"chunk-6ch8k\">\n<div class=\"content-ads\" data-block-type=\"ads\" data-block-id=\"48\"><em>De acordo com a Petrobras, as opera\u00e7\u00f5es foram interrompidas, as linhas afetadas foram isoladas em superf\u00edcie e a v\u00e1lvula de fundo foi mantida fechada. Consequentemente, a descarga foi paralisada. As causas est\u00e3o em apura\u00e7\u00e3o na \u00e1rea competente do Ibama, que acompanha o caso.<\/em><\/div>\n<\/div>\n<div data-block-type=\"ads\" data-block-id=\"48\"><\/div>\n<div data-block-type=\"ads\" data-block-id=\"48\">Fonte: G1<\/div>\n<\/div>\n<\/div>\n<\/div>\n<\/div>\n<\/div>\n<\/div>\n<\/div>\n<\/div>\n<\/div>\n<\/div>\n<\/div>\n<\/div>\n<\/div>\n<\/div>\n<\/div>\n","protected":false},"excerpt":{"rendered":"<p>O Minist\u00e9rio P\u00fablico Federal (MPF) no Amap\u00e1 pediu explica\u00e7\u00f5es \u00e0\u00a0Petrobras\u00a0e ao\u00a0Ibama\u00a0sobre o\u00a0vazamento de fluido que levou \u00e0 interrup\u00e7\u00e3o da perfura\u00e7\u00e3o na Foz do Amazonas\u00a0no \u00faltimo&#8230;<\/p>\n","protected":false},"author":1527,"featured_media":63288,"comment_status":"closed","ping_status":"closed","sticky":false,"template":"","format":"standard","meta":{"footnotes":""},"categories":[6],"tags":[],"class_list":["post-63287","post","type-post","status-publish","format-standard","has-post-thumbnail","hentry","category-noticias"],"_links":{"self":[{"href":"https:\/\/www.sincomam.org.br\/index.php\/wp-json\/wp\/v2\/posts\/63287","targetHints":{"allow":["GET"]}}],"collection":[{"href":"https:\/\/www.sincomam.org.br\/index.php\/wp-json\/wp\/v2\/posts"}],"about":[{"href":"https:\/\/www.sincomam.org.br\/index.php\/wp-json\/wp\/v2\/types\/post"}],"author":[{"embeddable":true,"href":"https:\/\/www.sincomam.org.br\/index.php\/wp-json\/wp\/v2\/users\/1527"}],"replies":[{"embeddable":true,"href":"https:\/\/www.sincomam.org.br\/index.php\/wp-json\/wp\/v2\/comments?post=63287"}],"version-history":[{"count":1,"href":"https:\/\/www.sincomam.org.br\/index.php\/wp-json\/wp\/v2\/posts\/63287\/revisions"}],"predecessor-version":[{"id":63289,"href":"https:\/\/www.sincomam.org.br\/index.php\/wp-json\/wp\/v2\/posts\/63287\/revisions\/63289"}],"wp:featuredmedia":[{"embeddable":true,"href":"https:\/\/www.sincomam.org.br\/index.php\/wp-json\/wp\/v2\/media\/63288"}],"wp:attachment":[{"href":"https:\/\/www.sincomam.org.br\/index.php\/wp-json\/wp\/v2\/media?parent=63287"}],"wp:term":[{"taxonomy":"category","embeddable":true,"href":"https:\/\/www.sincomam.org.br\/index.php\/wp-json\/wp\/v2\/categories?post=63287"},{"taxonomy":"post_tag","embeddable":true,"href":"https:\/\/www.sincomam.org.br\/index.php\/wp-json\/wp\/v2\/tags?post=63287"}],"curies":[{"name":"wp","href":"https:\/\/api.w.org\/{rel}","templated":true}]}}