{"id":63281,"date":"2026-01-08T09:01:58","date_gmt":"2026-01-08T12:01:58","guid":{"rendered":"https:\/\/www.sincomam.org.br\/?p=63281"},"modified":"2026-01-08T09:01:58","modified_gmt":"2026-01-08T12:01:58","slug":"coreia-do-sul-anuncia-viagem-de-transporte-maritimo-de-conteineres-pelas-aguas-do-oceano-artico-em-setembro","status":"publish","type":"post","link":"https:\/\/www.sincomam.org.br\/index.php\/coreia-do-sul-anuncia-viagem-de-transporte-maritimo-de-conteineres-pelas-aguas-do-oceano-artico-em-setembro\/","title":{"rendered":"Coreia do Sul anuncia viagem de transporte mar\u00edtimo de cont\u00eaineres pelas \u00e1guas do Oceano \u00c1rtico em setembro"},"content":{"rendered":"<p>O governo da Coreia do Sul anunciou que planeja fazer em setembro uma viagem experimental de transporte mar\u00edtimo de cont\u00eaineres pelas \u00e1guas do Oceano \u00c1rtico com a expectativa de criar uma rota mar\u00edtima mais curta entre a \u00c1sia e a Europa. Segundo o Minist\u00e9rio dos Oceanos e Pescas do pa\u00eds, a viagem-piloto ser\u00e1 feita com um porta-cont\u00eaineres com capacidade de 3.000 TEUs que partir\u00e1 do porto coreano de Busan para o de Rotterdam, na Holanda.<\/p>\n<p>O Minist\u00e9rio anunciou que est\u00e1 negociando a contrata\u00e7\u00e3o de uma embarca\u00e7\u00e3o e que far\u00e1 no primeiro semestre de 2026 consultas a autoridades russas, que s\u00e3o respons\u00e1evis por autoriza\u00e7\u00f5es para o tr\u00e1fego de navios por grande parte do corredor \u00e1rtico. O passo seguinte, informou o governo coreano, ser\u00e1 recrutar pessoal especializadp e angariar cargas para o teste.<\/p>\n<p>O projeto-piloto no \u00c1rtico faz parte da estrat\u00e9gia para expandir as rotas de navega\u00e7\u00e3o no norte e transformar Busan e a regi\u00e3o sudeste da Cor\u00e9ia em centro mar\u00edtimo. Segundo o Minist\u00e9rio dos Oceanos e Pescas, 2026 ser\u00e1 o in\u00edcio de uma nova fase focada na cidade, para onde planeja transferir sua sede at\u00e9 o fim do ano.<\/p>\n<p>Para concretizar seu projeto de estabelecer uma rota comercial pelo Oceano \u00c1rtico, o governo coreano anunciou que planeja apoiar a constru\u00e7\u00e3o de quebra-gelos e outras embarca\u00e7\u00f5es de classe polar, al\u00e9m de aprimorar a tecnologia de navios porta-cont\u00eaineres refor\u00e7ados para gelo. O projeto prev\u00ea ainda o treinamento de marinheiros para opera\u00e7\u00f5es em regi\u00f5es geladas e medidas de incentivo \u00e0 ind\u00fastria para desenvolver embarca\u00e7\u00f5es apropriadas.<\/p>\n<p>Fonte: Portos e Navios<\/p>\n","protected":false},"excerpt":{"rendered":"<p>O governo da Coreia do Sul anunciou que planeja fazer em setembro uma viagem experimental de transporte mar\u00edtimo de cont\u00eaineres pelas \u00e1guas do Oceano \u00c1rtico&#8230;<\/p>\n","protected":false},"author":1527,"featured_media":63282,"comment_status":"closed","ping_status":"closed","sticky":false,"template":"","format":"standard","meta":{"footnotes":""},"categories":[6],"tags":[],"class_list":["post-63281","post","type-post","status-publish","format-standard","has-post-thumbnail","hentry","category-noticias"],"_links":{"self":[{"href":"https:\/\/www.sincomam.org.br\/index.php\/wp-json\/wp\/v2\/posts\/63281","targetHints":{"allow":["GET"]}}],"collection":[{"href":"https:\/\/www.sincomam.org.br\/index.php\/wp-json\/wp\/v2\/posts"}],"about":[{"href":"https:\/\/www.sincomam.org.br\/index.php\/wp-json\/wp\/v2\/types\/post"}],"author":[{"embeddable":true,"href":"https:\/\/www.sincomam.org.br\/index.php\/wp-json\/wp\/v2\/users\/1527"}],"replies":[{"embeddable":true,"href":"https:\/\/www.sincomam.org.br\/index.php\/wp-json\/wp\/v2\/comments?post=63281"}],"version-history":[{"count":1,"href":"https:\/\/www.sincomam.org.br\/index.php\/wp-json\/wp\/v2\/posts\/63281\/revisions"}],"predecessor-version":[{"id":63283,"href":"https:\/\/www.sincomam.org.br\/index.php\/wp-json\/wp\/v2\/posts\/63281\/revisions\/63283"}],"wp:featuredmedia":[{"embeddable":true,"href":"https:\/\/www.sincomam.org.br\/index.php\/wp-json\/wp\/v2\/media\/63282"}],"wp:attachment":[{"href":"https:\/\/www.sincomam.org.br\/index.php\/wp-json\/wp\/v2\/media?parent=63281"}],"wp:term":[{"taxonomy":"category","embeddable":true,"href":"https:\/\/www.sincomam.org.br\/index.php\/wp-json\/wp\/v2\/categories?post=63281"},{"taxonomy":"post_tag","embeddable":true,"href":"https:\/\/www.sincomam.org.br\/index.php\/wp-json\/wp\/v2\/tags?post=63281"}],"curies":[{"name":"wp","href":"https:\/\/api.w.org\/{rel}","templated":true}]}}