{"id":6327,"date":"2014-06-27T08:33:27","date_gmt":"2014-06-27T11:33:27","guid":{"rendered":"http:\/\/www.sincomam.org.br\/?p=6327"},"modified":"2014-06-26T22:35:46","modified_gmt":"2014-06-27T01:35:46","slug":"licitacoes-portuarias-a-espera-de-definicao-pelo-tcu","status":"publish","type":"post","link":"https:\/\/www.sincomam.org.br\/index.php\/licitacoes-portuarias-a-espera-de-definicao-pelo-tcu\/","title":{"rendered":"Licita\u00e7\u00f5es portu\u00e1rias \u00e0 espera de defini\u00e7\u00e3o pelo TCU"},"content":{"rendered":"<p>A licita\u00e7\u00e3o das \u00e1reas portu\u00e1rias faz parte do primeiro plano do Governo Federal, ap\u00f3s a promulga\u00e7\u00e3o da Lei 12.815\/13, a nova Lei dos Portos. A ideia inicial era licitar os terminais ainda no ano passado, o que n\u00e3o aconteceu por conta das recomenda\u00e7\u00f5es do TCU.<\/p>\n<p>A libera\u00e7\u00e3o do \u00f3rg\u00e3o s\u00f3 ocorrer\u00e1 caso o ministro Aroldo Cedraz, atual relator do processo, entenda que os quatro \u00faltimos questionamentos levantados pelo TCU tenham sido esclarecidos pela Pasta. H\u00e1 duas semanas, a ministra Ana Arraes acatou outras 15 respostas apresentadas pelo Governo. Entre as pend\u00eancias, havia a defini\u00e7\u00e3o de uma tarifa teto para todos os arrendamentos o que, para a SEP, poderia engessar a gest\u00e3o dos terminais.<\/p>\n<p>\u201cN\u00f3s estamos aguardando que j\u00e1 exista uma defini\u00e7\u00e3o sobre isso\u201d, acredita o diretor-geral da Ag\u00eancia Nacional de Transportes Aquavi\u00e1rios (Antaq), M\u00e1rio Povia. No entanto, em entrevista para A Tribuna na tarde da \u00faltima ter\u00e7a-feira, ele admitiu que a t\u00e3o aguardada libera\u00e7\u00e3o do TCU poder\u00e1 ocorrer at\u00e9 a pr\u00f3xima semana, caso os ministros n\u00e3o se satisfa\u00e7am com os recursos apresentados pela SEP.<\/p>\n<p><strong>Contratos de transi\u00e7\u00e3o<\/strong><\/p>\n<p>Enquanto isso, o diretor da Antaq afirmou que o \u00f3rg\u00e3o regulador j\u00e1 liberou para o Porto de Santos pelo menos oito contratos de transi\u00e7\u00e3o para empresas, cujo contrato de arrendamento inicial j\u00e1 est\u00e1 oficialmente vencido.<\/p>\n<p>\u201cEle vale por 180 dias e \u00e9 improrrog\u00e1vel. Mas, n\u00e3o vamos permitir que essas instala\u00e7\u00f5es parem de operar at\u00e9 a defini\u00e7\u00e3o de um futuro licitante\u201d. O primeiro deles, destinado \u00e0 Deicmar, j\u00e1 est\u00e1 em vigor.<\/p>\n<p>Os demais, para a Companhia Bandeirantes de Armaz\u00e9ns Gerais (CBA), Cutrale, Fischer, Granel Qu\u00edmica, P\u00e9rola, Termares e Terminal Mar\u00edtimo do Valongo, est\u00e3o sob an\u00e1lise da Companhia Docas do Estado de S\u00e3o Paulo (Codesp). H\u00e1 ainda as empresas que formam o pool do Corredor de Exporta\u00e7\u00e3o, Louis Dreyfus, Coinbra e Citrovita, que tamb\u00e9m t\u00eam seus contratos de transi\u00e7\u00e3o analisados.<\/p>\n<p>Ontem, o Conselho de Administra\u00e7\u00e3o (Consad) adiou a aprecia\u00e7\u00e3o do assunto para a pr\u00f3xima reuni\u00e3o, no dia 8 de julho. \u201cCaso o TCU libere a licita\u00e7\u00e3o antes, os contratos s\u00e3o cancelados ou nem precisem vigorar\u201d, lembra M\u00e1rio Povia. (JCP)<\/p>\n<p>Fonte: Tribuna Online<\/p>\n","protected":false},"excerpt":{"rendered":"<p>A licita\u00e7\u00e3o das \u00e1reas portu\u00e1rias faz parte do primeiro plano do Governo Federal, ap\u00f3s a promulga\u00e7\u00e3o da Lei 12.815\/13, a nova Lei dos Portos. A&#8230;<\/p>\n","protected":false},"author":1182,"featured_media":5251,"comment_status":"closed","ping_status":"closed","sticky":false,"template":"","format":"standard","meta":{"footnotes":""},"categories":[6],"tags":[668,69,257],"class_list":["post-6327","post","type-post","status-publish","format-standard","has-post-thumbnail","hentry","category-noticias","tag-licitacoes","tag-portos","tag-tcu"],"_links":{"self":[{"href":"https:\/\/www.sincomam.org.br\/index.php\/wp-json\/wp\/v2\/posts\/6327","targetHints":{"allow":["GET"]}}],"collection":[{"href":"https:\/\/www.sincomam.org.br\/index.php\/wp-json\/wp\/v2\/posts"}],"about":[{"href":"https:\/\/www.sincomam.org.br\/index.php\/wp-json\/wp\/v2\/types\/post"}],"author":[{"embeddable":true,"href":"https:\/\/www.sincomam.org.br\/index.php\/wp-json\/wp\/v2\/users\/1182"}],"replies":[{"embeddable":true,"href":"https:\/\/www.sincomam.org.br\/index.php\/wp-json\/wp\/v2\/comments?post=6327"}],"version-history":[{"count":1,"href":"https:\/\/www.sincomam.org.br\/index.php\/wp-json\/wp\/v2\/posts\/6327\/revisions"}],"predecessor-version":[{"id":6328,"href":"https:\/\/www.sincomam.org.br\/index.php\/wp-json\/wp\/v2\/posts\/6327\/revisions\/6328"}],"wp:featuredmedia":[{"embeddable":true,"href":"https:\/\/www.sincomam.org.br\/index.php\/wp-json\/wp\/v2\/media\/5251"}],"wp:attachment":[{"href":"https:\/\/www.sincomam.org.br\/index.php\/wp-json\/wp\/v2\/media?parent=6327"}],"wp:term":[{"taxonomy":"category","embeddable":true,"href":"https:\/\/www.sincomam.org.br\/index.php\/wp-json\/wp\/v2\/categories?post=6327"},{"taxonomy":"post_tag","embeddable":true,"href":"https:\/\/www.sincomam.org.br\/index.php\/wp-json\/wp\/v2\/tags?post=6327"}],"curies":[{"name":"wp","href":"https:\/\/api.w.org\/{rel}","templated":true}]}}