{"id":63263,"date":"2026-01-07T09:59:20","date_gmt":"2026-01-07T12:59:20","guid":{"rendered":"https:\/\/www.sincomam.org.br\/?p=63263"},"modified":"2026-01-07T09:59:20","modified_gmt":"2026-01-07T12:59:20","slug":"saque-aniversario-do-fgts-2026-comeca-a-ser-liberado","status":"publish","type":"post","link":"https:\/\/www.sincomam.org.br\/index.php\/saque-aniversario-do-fgts-2026-comeca-a-ser-liberado\/","title":{"rendered":"Saque-anivers\u00e1rio do FGTS 2026 come\u00e7a a ser liberado"},"content":{"rendered":"<p>Os trabalhadores que aderiram ao saque-anivers\u00e1rio do Fundo de Garantia do Tempo de Servi\u00e7o (FGTS) j\u00e1 podem se organizar para os pagamentos de 2026. Quem nasceu em janeiro e optou pela modalidade est\u00e1 com o valor liberado desde o dia 2 de janeiro, primeiro dia \u00fatil do m\u00eas.<img decoding=\"async\" src=\"https:\/\/agenciabrasil.ebc.com.br\/ebc.png?id=1674237&amp;o=node\" \/><img decoding=\"async\" src=\"https:\/\/agenciabrasil.ebc.com.br\/ebc.gif?id=1674237&amp;o=node\" \/><\/p>\n<p><strong>O saque-anivers\u00e1rio fica dispon\u00edvel por at\u00e9 90 dias e pode ser feito de forma digital, pelo aplicativo do FGTS, ou presencialmente nas unidades da Caixa.<\/strong><\/p>\n<p>A seguir, confira quem tem direito, como sacar, o calend\u00e1rio completo de 2026 e quanto \u00e9 poss\u00edvel receber.<\/p>\n<p><strong>Quem pode sacar o FGTS em 2026?<\/strong><\/p>\n<ul>\n<li>Podem receber o saque-anivers\u00e1rio os trabalhadores que:<\/li>\n<li>Possuem saldo em contas ativas ou inativas do FGTS;<\/li>\n<li>Aderiram previamente \u00e0 modalidade saque-anivers\u00e1rio.<\/li>\n<li>Quem n\u00e3o fez a op\u00e7\u00e3o continua automaticamente no saque-rescis\u00e3o, modelo tradicional do FGTS.<\/li>\n<\/ul>\n<p><strong>Calend\u00e1rio do saque-anivers\u00e1rio do FGTS 2026:<\/strong><\/p>\n<p>O valor fica dispon\u00edvel a partir do primeiro dia \u00fatil do m\u00eas de anivers\u00e1rio e pode ser retirado por at\u00e9 tr\u00eas meses.<\/p>\n<p><strong>Confira o calend\u00e1rio oficial:<\/strong><\/p>\n<ul>\n<li>Janeiro: 2 de janeiro a 31 de mar\u00e7o de 2026;<\/li>\n<li>Fevereiro: 2 de fevereiro a 30 de abril de 2026;<\/li>\n<li>Mar\u00e7o: 2 de mar\u00e7o a 29 de maio de 2026;<\/li>\n<li>Abril: 1\u00ba de abril a 30 de junho de 2026;<\/li>\n<li>Maio: 4 de maio a 31 de julho de 2026;<\/li>\n<li>Junho: 1\u00ba de junho a 31 de agosto de 2026;<\/li>\n<li>Julho: 1\u00ba de julho a 30 de setembro de 2026;<\/li>\n<li>Agosto: 3 de agosto a 30 de outubro de 2026;<\/li>\n<li>Setembro: 1\u00ba de setembro a 30 de novembro de 2026;<\/li>\n<li>Outubro: 1\u00ba de outubro a 30 de dezembro de 2026;<\/li>\n<li>Novembro: 2 de novembro de 2026 a 29 de janeiro de 2027;<\/li>\n<li>Dezembro: 1\u00ba de dezembro de 2026 a 26 de fevereiro de 2027.<\/li>\n<\/ul>\n<p>Aten\u00e7\u00e3o: se o valor n\u00e3o for sacado dentro do prazo, o dinheiro retorna automaticamente para a conta do FGTS e s\u00f3 poder\u00e1 ser retirado no ano seguinte.<\/p>\n<p><strong>Como sacar o FGTS pelo saque-anivers\u00e1rio?<\/strong><\/p>\n<p>O resgate pode ser feito online, em poucos minutos.\u00a0<strong>Veja o passo a passo:<\/strong><\/p>\n<ul>\n<li>Acesse o aplicativo FGTS e fa\u00e7a login com sua conta Gov.br;<\/li>\n<li>No menu inicial, toque em \u201cSaque-anivers\u00e1rio\u201d;<\/li>\n<li>Selecione \u201cIndicar conta para cr\u00e9dito\u201d;<\/li>\n<li>Cadastre uma conta corrente ou poupan\u00e7a;<\/li>\n<li>Confirme os dados e aguarde o dep\u00f3sito.<\/li>\n<\/ul>\n<p>Tamb\u00e9m \u00e9 poss\u00edvel sacar o valor presencialmente nas ag\u00eancias da Caixa, casas lot\u00e9ricas ou correspondentes Caixa Aqui.<\/p>\n<p><strong>O que \u00e9 o saque-anivers\u00e1rio do FGTS?<\/strong><\/p>\n<p>Criado em 2020, o saque-anivers\u00e1rio permite ao trabalhador retirar uma parte do saldo do FGTS todos os anos, no m\u00eas de anivers\u00e1rio.<\/p>\n<p><strong>A ades\u00e3o \u00e9 opcional e pode ser feita:<\/strong><\/p>\n<ul>\n<li>Pelo aplicativo FGTS;<\/li>\n<li>Ag\u00eancias da Caixa Econ\u00f4mica Federal.<\/li>\n<\/ul>\n<p>Diferen\u00e7a entre saque-anivers\u00e1rio e saque-rescis\u00e3o<\/p>\n<ul>\n<li>Saque-rescis\u00e3o: modelo padr\u00e3o. Em caso de demiss\u00e3o sem justa causa, o trabalhador pode sacar todo o saldo do FGTS, al\u00e9m da multa rescis\u00f3ria.<\/li>\n<li>Saque-anivers\u00e1rio: permite saques anuais, mas, se houver demiss\u00e3o sem justa causa, o trabalhador s\u00f3 recebe a multa de 40%, ficando impedido de sacar o saldo total da conta.<\/li>\n<\/ul>\n<p><strong>Quanto posso receber no saque-anivers\u00e1rio?<\/strong><\/p>\n<p>O valor depende do saldo total nas contas do FGTS e segue uma tabela progressiva. A al\u00edquota varia de 5% a 50%, com uma parcela adicional fixa.<\/p>\n<p><strong>Tabela do saque-anivers\u00e1rio do FGTS<\/strong><\/p>\n<table border=\"1\" cellspacing=\"1\" cellpadding=\"1\">\n<tbody>\n<tr>\n<td>Faixa de saldo no FGTS<\/td>\n<td>Al\u00edquota<\/td>\n<td>Parcela adicional<\/td>\n<\/tr>\n<tr>\n<td>At\u00e9 R$ 500<\/td>\n<td>50%<\/td>\n<td>\u00a0 \u00a0 \u00a0 \u00a0 \u00a0 \u00a0 \u00a0 \u00a0 \u00a0 \u00a0 \u00a0 &#8211;<\/td>\n<\/tr>\n<tr>\n<td>De R$ 500,01 a R$ 1.000<\/td>\n<td>40%<\/td>\n<td>R$ 50<\/td>\n<\/tr>\n<tr>\n<td>De R$ 1.000,01 a R$ 5.000<\/td>\n<td>30%<\/td>\n<td>R$ 150<\/td>\n<\/tr>\n<tr>\n<td>De R$ 5.000,01 a R$ 10.000<\/td>\n<td>20%<\/td>\n<td>R$ 650<\/td>\n<\/tr>\n<tr>\n<td>De R$ 10.000,01 a R$ 15.000<\/td>\n<td>15%<\/td>\n<td>R$ 1.150<\/td>\n<\/tr>\n<tr>\n<td>De R$ 15.000,01 a R$ 20.000<\/td>\n<td>10%<\/td>\n<td>R$ 1.900<\/td>\n<\/tr>\n<tr>\n<td>Acima de R$ 20.000<\/td>\n<td>5%<\/td>\n<td>R$ 2.900<\/td>\n<\/tr>\n<\/tbody>\n<\/table>\n<p>Exemplo: quem tem R$ 1 mil no FGTS pode sacar R$ 450, sendo R$ 400 da al\u00edquota, mais R$ 50 da parcela adicional.<\/p>\n<p><strong>Fui demitido. Como fica o FGTS?<\/strong><\/p>\n<ul>\n<li>Quem est\u00e1 no saque-anivers\u00e1rio: pode sacar apenas a multa rescis\u00f3ria. O saldo restante fica para os pr\u00f3ximos saques anuais.<\/li>\n<li>Quem est\u00e1 no saque-rescis\u00e3o: pode sacar o valor integral do FGTS, se a demiss\u00e3o for sem justa causa.<\/li>\n<\/ul>\n<p>Mesmo que o trabalhador pe\u00e7a a volta ao saque-rescis\u00e3o, a mudan\u00e7a s\u00f3 passa a valer ap\u00f3s dois anos de car\u00eancia. Caso a demiss\u00e3o ocorra na vig\u00eancia do saque-anivers\u00e1rio, ser\u00e1 aplicada a regra dessa modalidade, com a retirada apenas da multa rescis\u00f3ria.<\/p>\n<p>Uma\u00a0medida provis\u00f3ria editada no fim do ano passado\u00a0autorizou uma rodada especial de saque-anivers\u00e1rio para os trabalhadores demitidos sem justa causa de 1\u00ba de janeiro de 2020 a 23 de dezembro de 2025.\u00a0<strong>O saldo remanescente desses empregados ser\u00e1 pago apenas uma vez em duas rodadas.<\/strong>\u00a0A primeira em 29 de dezembro e a segunda entre 2 e 12 de fevereiro.<\/p>\n<p>Fonte: Ag\u00eancia Brasil<\/p>\n","protected":false},"excerpt":{"rendered":"<p>Os trabalhadores que aderiram ao saque-anivers\u00e1rio do Fundo de Garantia do Tempo de Servi\u00e7o (FGTS) j\u00e1 podem se organizar para os pagamentos de 2026. Quem&#8230;<\/p>\n","protected":false},"author":1527,"featured_media":63264,"comment_status":"closed","ping_status":"closed","sticky":false,"template":"","format":"standard","meta":{"footnotes":""},"categories":[6],"tags":[],"class_list":["post-63263","post","type-post","status-publish","format-standard","has-post-thumbnail","hentry","category-noticias"],"_links":{"self":[{"href":"https:\/\/www.sincomam.org.br\/index.php\/wp-json\/wp\/v2\/posts\/63263","targetHints":{"allow":["GET"]}}],"collection":[{"href":"https:\/\/www.sincomam.org.br\/index.php\/wp-json\/wp\/v2\/posts"}],"about":[{"href":"https:\/\/www.sincomam.org.br\/index.php\/wp-json\/wp\/v2\/types\/post"}],"author":[{"embeddable":true,"href":"https:\/\/www.sincomam.org.br\/index.php\/wp-json\/wp\/v2\/users\/1527"}],"replies":[{"embeddable":true,"href":"https:\/\/www.sincomam.org.br\/index.php\/wp-json\/wp\/v2\/comments?post=63263"}],"version-history":[{"count":1,"href":"https:\/\/www.sincomam.org.br\/index.php\/wp-json\/wp\/v2\/posts\/63263\/revisions"}],"predecessor-version":[{"id":63265,"href":"https:\/\/www.sincomam.org.br\/index.php\/wp-json\/wp\/v2\/posts\/63263\/revisions\/63265"}],"wp:featuredmedia":[{"embeddable":true,"href":"https:\/\/www.sincomam.org.br\/index.php\/wp-json\/wp\/v2\/media\/63264"}],"wp:attachment":[{"href":"https:\/\/www.sincomam.org.br\/index.php\/wp-json\/wp\/v2\/media?parent=63263"}],"wp:term":[{"taxonomy":"category","embeddable":true,"href":"https:\/\/www.sincomam.org.br\/index.php\/wp-json\/wp\/v2\/categories?post=63263"},{"taxonomy":"post_tag","embeddable":true,"href":"https:\/\/www.sincomam.org.br\/index.php\/wp-json\/wp\/v2\/tags?post=63263"}],"curies":[{"name":"wp","href":"https:\/\/api.w.org\/{rel}","templated":true}]}}