{"id":63260,"date":"2026-01-07T09:58:17","date_gmt":"2026-01-07T12:58:17","guid":{"rendered":"https:\/\/www.sincomam.org.br\/?p=63260"},"modified":"2026-01-07T09:58:17","modified_gmt":"2026-01-07T12:58:17","slug":"ultima-chamada-inscricoes-para-oficiais-temporarios-da-marinha-terminam-nesta-quinta-8","status":"publish","type":"post","link":"https:\/\/www.sincomam.org.br\/index.php\/ultima-chamada-inscricoes-para-oficiais-temporarios-da-marinha-terminam-nesta-quinta-8\/","title":{"rendered":"\u00daltima chamada: inscri\u00e7\u00f5es para Oficiais Tempor\u00e1rios da Marinha terminam nesta quinta (8)"},"content":{"rendered":"<p class=\"text-align-justify\">O prazo para se inscrever no processo seletivo para Oficiais Tempor\u00e1rios (RM2) da Marinha do Brasil se encerra nesta quinta-feira, 8 de janeiro. A sele\u00e7\u00e3o oferece mais de 500 vagas distribu\u00eddas em todo o Pa\u00eds para profissionais com n\u00edvel superior em diversas \u00e1reas de forma\u00e7\u00e3o que desejam servir \u00e0 For\u00e7a por at\u00e9 oito anos, com remunera\u00e7\u00e3o inicial bruta superior a R$ 9 mil.<\/p>\n<p class=\"text-align-justify\">As inscri\u00e7\u00f5es devem ser feitas exclusivamente pela internet, por meio do site do Distrito Naval escolhido pelo candidato. A taxa \u00e9 de R$ 140,00 e o pagamento deve ser efetuado at\u00e9 o dia 9 de janeiro.<\/p>\n<p class=\"text-align-justify\">Podem concorrer homens e mulheres que atendam a determinados crit\u00e9rios, como ser brasileiro nato, ter mais de 18 e menos de 41 anos at\u00e9 a data da incorpora\u00e7\u00e3o e possuir n\u00edvel superior na \u00e1rea em que concorre, al\u00e9m de estar registrado no respectivo \u00f3rg\u00e3o fiscalizador da profiss\u00e3o, quando houver.<\/p>\n<p class=\"text-align-justify\">H\u00e1 oportunidades para profissionais de diferentes \u00e1reas, como administra\u00e7\u00e3o, direito, comunica\u00e7\u00e3o social, psicologia, ci\u00eancias cont\u00e1beis, geografia, inform\u00e1tica, servi\u00e7o social, biblioteconomia, pedagogia, portugu\u00eas (letras), letras (ingl\u00eas), hist\u00f3ria, matem\u00e1tica, estat\u00edstica, educa\u00e7\u00e3o f\u00edsica, qu\u00edmica, filosofia, sociologia, meteorologia, oceanografia, seguran\u00e7a do tr\u00e1fego aquavi\u00e1rio, inspetor naval, vistoriador naval e teologia.<\/p>\n<p class=\"text-align-justify\">As vagas tamb\u00e9m contemplam os profissionais de engenharia (civil, ambiental, el\u00e9trica, mec\u00e2nica, eletr\u00f4nica, mecatr\u00f4nica, metal\u00fargica, qu\u00edmica, cartogr\u00e1fica, naval, de produ\u00e7\u00e3o, de telecomunica\u00e7\u00f5es, de sistemas da computa\u00e7\u00e3o e de material) e de arquitetura e urbanismo.<\/p>\n<p class=\"text-align-justify\">Al\u00e9m disso, existem postos dispon\u00edveis para profissionais da sa\u00fade nas \u00e1reas de medicina (diversas especialidades), odontologia (diversas especialidades), farm\u00e1cia e veterin\u00e1ria, e de apoio \u00e0 sa\u00fade, como enfermagem, fisioterapia, fonoaudiologia, nutri\u00e7\u00e3o e terapia ocupacional.<\/p>\n<p class=\"text-align-justify\"><strong>Confira abaixo a distribui\u00e7\u00e3o das vagas por Distritos Navais:<\/strong><\/p>\n<div>\n<table>\n<thead>\n<tr>\n<th><strong>Distrito Naval<\/strong><\/th>\n<th><strong>Vagas<\/strong><\/th>\n<th><strong>Mais informa\u00e7\u00f5es<\/strong><\/th>\n<\/tr>\n<\/thead>\n<tbody>\n<tr>\n<td>1\u00ba Distrito Naval (RJ, ES, MG)<\/td>\n<td>301<\/td>\n<td><a href=\"https:\/\/www.marinha.mil.br\/com1dn\/conteudo\/nota-informativa-oficial-rm2\" target=\"_blank\" rel=\"noopener\">https:\/\/www.marinha.mil.br\/com1dn\/conteudo\/nota-informativa-oficial-rm2<\/a><\/td>\n<\/tr>\n<tr>\n<td>2\u00ba Distrito Naval (BA e SE)<\/td>\n<td>18<\/td>\n<td><a href=\"https:\/\/www.marinha.mil.br\/com2dn\/servicomilitarvoluntario-para-oficiais\" target=\"_blank\" rel=\"noopener\">https:\/\/www.marinha.mil.br\/com2dn\/servicomilitarvoluntario-para-oficiais<\/a><\/td>\n<\/tr>\n<tr>\n<td>3\u00b0 Distrito Naval (CE, RN, PB, PE, AL)<\/td>\n<td>38<\/td>\n<td><a href=\"https:\/\/www.marinha.mil.br\/com3dn\/content\/oficial-rm2\" target=\"_blank\" rel=\"noopener\">https:\/\/www.marinha.mil.br\/com3dn\/content\/oficial-rm2<\/a><\/td>\n<\/tr>\n<tr>\n<td>4\u00b0 Distrito Naval (AP, PA, MA, PI)<\/td>\n<td>25<\/td>\n<td><a href=\"https:\/\/www.marinha.mil.br\/com4dn\/processo-seletivo-oficiaisrm22026\" target=\"_blank\" rel=\"noopener\">https:\/\/www.marinha.mil.br\/com4dn\/processo-seletivo-oficiaisrm22026<\/a><\/td>\n<\/tr>\n<tr>\n<td>5\u00b0 Distrito Naval (RS e SC)<\/td>\n<td>15<\/td>\n<td><a href=\"https:\/\/www.marinha.mil.br\/com5dn\/servi%C3%A7omilitar\" target=\"_blank\" rel=\"noopener\">https:\/\/www.marinha.mil.br\/com5dn\/servi%C3%A7omilitar<\/a><\/td>\n<\/tr>\n<tr>\n<td>6\u00b0 Distrito Naval (MT e MS)<\/td>\n<td>17<\/td>\n<td><a href=\"https:\/\/www.marinha.mil.br\/com6dn\/SMV_Oficiais_2026\" target=\"_blank\" rel=\"noopener\">https:\/\/www.marinha.mil.br\/com6dn\/SMV_Oficiais_2026<\/a><\/td>\n<\/tr>\n<tr>\n<td>7\u00ba Distrito Naval (TO, GO e DF)<\/td>\n<td>32<\/td>\n<td><a href=\"https:\/\/www.marinha.mil.br\/com7dn\/aviso%20de%20Convoca%C3%A7%C3%A3o\" target=\"_blank\" rel=\"noopener\">https:\/\/www.marinha.mil.br\/com7dn\/aviso%20de%20Convoca%C3%A7%C3%A3o<\/a><\/td>\n<\/tr>\n<tr>\n<td>8\u00ba Distrito Naval (SP e PR)<\/td>\n<td>58<\/td>\n<td><a href=\"https:\/\/www.marinha.mil.br\/com8dn\/node\/100\" target=\"_blank\" rel=\"noopener\">https:\/\/www.marinha.mil.br\/com8dn\/node\/100<\/a><\/td>\n<\/tr>\n<tr>\n<td>9\u00b0 Distrito Naval (RR, AC, AM e RO)<\/td>\n<td>24<\/td>\n<td><a href=\"https:\/\/www.marinha.mil.br\/com9dn\/pt-br\/node\/2055\" target=\"_blank\" rel=\"noopener\">https:\/\/www.marinha.mil.br\/com9dn\/pt-br\/node\/2055<\/a><\/td>\n<\/tr>\n<\/tbody>\n<\/table>\n<h5 class=\"text-align-justify\"><\/h5>\n<h5 class=\"text-align-justify\">Cronograma e o que vem a seguir<\/h5>\n<p class=\"text-align-justify\">Com o encerramento das inscri\u00e7\u00f5es nos pr\u00f3ximos dias, os candidatos devem se preparar para as etapas da sele\u00e7\u00e3o, que incluem prova objetiva, prova de t\u00edtulos, verifica\u00e7\u00e3o documental e de dados biogr\u00e1ficos, inspe\u00e7\u00e3o de sa\u00fade, teste de aptid\u00e3o f\u00edsica e designa\u00e7\u00e3o \u00e0 incorpora\u00e7\u00e3o.<\/p>\n<p class=\"text-align-justify\">A primeira etapa, que consiste na prova objetiva, ser\u00e1 realizada no dia 22 de fevereiro de 2026, com dura\u00e7\u00e3o de tr\u00eas horas. A Marinha recomenda que todos os inscritos acompanhem o andamento do cronograma por meio das p\u00e1ginas oficiais do concurso, onde est\u00e3o publicadas informa\u00e7\u00f5es sobre locais de prova, hor\u00e1rios e crit\u00e9rios espec\u00edficos para cada \u00e1rea de atua\u00e7\u00e3o.<\/p>\n<h5 class=\"text-align-justify\">Carreira RM2<\/h5>\n<p class=\"text-align-justify\">O candidato aprovado e classificado dentro das vagas ingressar\u00e1 na Marinha do Brasil como Guarda-Marinha, com promo\u00e7\u00e3o a Segundo-Tenente ap\u00f3s seis meses de incorpora\u00e7\u00e3o, cumpridos os requisitos necess\u00e1rios. Desde o curso de forma\u00e7\u00e3o, os Oficiais RM2 recebem remunera\u00e7\u00e3o e t\u00eam acesso a benef\u00edcios como assist\u00eancia m\u00e9dico-odontol\u00f3gica, psicol\u00f3gica, social e religiosa.<\/p>\n<p class=\"text-align-justify\">Ap\u00f3s a forma\u00e7\u00e3o, o militar atuar\u00e1 em uma Organiza\u00e7\u00e3o Militar da Marinha no \u00e2mbito do Distrito Naval escolhido. O Servi\u00e7o Militar Tempor\u00e1rio pode durar at\u00e9 oito anos, sem possibilidade de v\u00ednculo permanente com a For\u00e7a, sendo poss\u00edvel alcan\u00e7ar at\u00e9 o posto de Capit\u00e3o-Tenente.<\/p>\n<p class=\"text-align-justify\"><strong>Em caso de d\u00favidas no processo de cadastramento para o SMV, o candidato pode entrar em contato com o respectivo Distrito Naval:<\/strong><\/p>\n<p class=\"text-align-justify\"><strong>Comando do 1\u00ba Distrito Naval (RJ, ES e MG)<\/strong><\/p>\n<p class=\"text-align-justify\">Telefone: (21) 2197-7321, das 13h \u00e0s 15h, de segunda a sexta-feira, exceto feriados.<br \/>\nE-mail: com1dn.processoseletivo@marinha.mil.br<br \/>\nEndere\u00e7o: Pra\u00e7a Mau\u00e1 65, Centro, Rio de Janeiro (RJ)\n<\/p>\n<p class=\"text-align-justify\"><strong>Comando do 2\u00ba Distrito Naval (BA e SE)<\/strong><\/p>\n<p class=\"text-align-justify\">Telefone: (71) 3507-3799<br \/>\nEndere\u00e7o: Avenida das Naus, s\/n\u00ba, Com\u00e9rcio, Salvador (BA), das 9h \u00e0s 11h e das 13h30 \u00e0s 15h30, nos dias \u00fateis.\n<\/p>\n<p class=\"text-align-justify\"><strong>Comando do 3\u00ba Distrito Naval (CE, RN, PB, PE e AL)<\/strong><\/p>\n<p class=\"text-align-justify\">Telefones: (84) 3216-3083 e (84) 99120-0148 (WhatsApp), das 8h \u00e0s 11h e das 13h \u00e0s 16h, de segunda a sexta-feira.<br \/>\nEmail: com3dn.concurso@marinha.mil.br\n<\/p>\n<p class=\"text-align-justify\"><strong>Comando do 4\u00ba Distrito Naval (AP, PA, MA e PI)<\/strong><\/p>\n<p class=\"text-align-justify\">Telefones: (91) 3216-4022\/4042, das 8h10 \u00e0s 11h30 e das 13h30 \u00e0s 15h30, de segunda a sexta-feira, exceto feriados.<br \/>\nEndere\u00e7o: Rua Carneiro da Rocha, s\/n\u00ba, Cidade Velha, Bel\u00e9m (PA)\n<\/p>\n<p class=\"text-align-justify\"><strong>Comando do 5\u00ba Distrito Naval (RS e SC)<\/strong><\/p>\n<p class=\"text-align-justify\">Telefone: (53) 3233-6106<br \/>\nE-mails: com5dn.concursos@marinha.mil.br ou com5dn.smv@marinha.mil.br<br \/>\nEndere\u00e7o: Avenida Almirante Cerqueira e Souza, 70, Rio Grande (RS)\n<\/p>\n<p class=\"text-align-justify\"><strong>Comando do 6\u00ba Distrito Naval (MT e MS)<\/strong><\/p>\n<p class=\"text-align-justify\">Telefone: (67) 3234-1062\n<\/p>\n<p class=\"text-align-justify\"><strong>Comando do 7\u00ba Distrito Naval (TO, GO e DF)<\/strong><\/p>\n<p class=\"text-align-justify\">Telefone: (61) 3429-1550<br \/>\nEndere\u00e7o: Esplanada dos Minist\u00e9rios, Bloco \u201cN\u201d, Pr\u00e9dio Anexo, T\u00e9rreo, Bras\u00edlia (DF)\n<\/p>\n<p class=\"text-align-justify\"><strong>Comando do 8\u00ba Distrito Naval (SP e PR)<\/strong><\/p>\n<p class=\"text-align-justify\">Telefone: (11) 5080-4791<br \/>\nEndere\u00e7o: Rua Estado de Israel, 776, Vila Clementino, S\u00e3o Paulo (SP), das 9h \u00e0s 11h30, de segunda a sexta-feira.\n<\/p>\n<p class=\"text-align-justify\"><strong>Comando do 9\u00ba Distrito Naval (AC, AM, RO e RR)<\/strong><\/p>\n<p class=\"text-align-justify\">Telefone: (92) 2123-2278<br \/>\nE-mail: com9dn.concursos@marinha.mil.br<br \/>\nEndere\u00e7o: Rua Bernardo Ramos, s\/n\u00ba, Ilha de S\u00e3o Vicente, Centro, Manaus (AM)<\/p>\n<p class=\"text-align-justify\">Fonte: Ag\u00eancia Marinha de Not\u00edcias<\/p>\n<\/div>\n","protected":false},"excerpt":{"rendered":"<p>O prazo para se inscrever no processo seletivo para Oficiais Tempor\u00e1rios (RM2) da Marinha do Brasil se encerra nesta quinta-feira, 8 de janeiro. A sele\u00e7\u00e3o&#8230;<\/p>\n","protected":false},"author":1527,"featured_media":63261,"comment_status":"closed","ping_status":"closed","sticky":false,"template":"","format":"standard","meta":{"footnotes":""},"categories":[6],"tags":[],"class_list":["post-63260","post","type-post","status-publish","format-standard","has-post-thumbnail","hentry","category-noticias"],"_links":{"self":[{"href":"https:\/\/www.sincomam.org.br\/index.php\/wp-json\/wp\/v2\/posts\/63260","targetHints":{"allow":["GET"]}}],"collection":[{"href":"https:\/\/www.sincomam.org.br\/index.php\/wp-json\/wp\/v2\/posts"}],"about":[{"href":"https:\/\/www.sincomam.org.br\/index.php\/wp-json\/wp\/v2\/types\/post"}],"author":[{"embeddable":true,"href":"https:\/\/www.sincomam.org.br\/index.php\/wp-json\/wp\/v2\/users\/1527"}],"replies":[{"embeddable":true,"href":"https:\/\/www.sincomam.org.br\/index.php\/wp-json\/wp\/v2\/comments?post=63260"}],"version-history":[{"count":1,"href":"https:\/\/www.sincomam.org.br\/index.php\/wp-json\/wp\/v2\/posts\/63260\/revisions"}],"predecessor-version":[{"id":63262,"href":"https:\/\/www.sincomam.org.br\/index.php\/wp-json\/wp\/v2\/posts\/63260\/revisions\/63262"}],"wp:featuredmedia":[{"embeddable":true,"href":"https:\/\/www.sincomam.org.br\/index.php\/wp-json\/wp\/v2\/media\/63261"}],"wp:attachment":[{"href":"https:\/\/www.sincomam.org.br\/index.php\/wp-json\/wp\/v2\/media?parent=63260"}],"wp:term":[{"taxonomy":"category","embeddable":true,"href":"https:\/\/www.sincomam.org.br\/index.php\/wp-json\/wp\/v2\/categories?post=63260"},{"taxonomy":"post_tag","embeddable":true,"href":"https:\/\/www.sincomam.org.br\/index.php\/wp-json\/wp\/v2\/tags?post=63260"}],"curies":[{"name":"wp","href":"https:\/\/api.w.org\/{rel}","templated":true}]}}