{"id":63251,"date":"2026-01-07T09:39:30","date_gmt":"2026-01-07T12:39:30","guid":{"rendered":"https:\/\/www.sincomam.org.br\/?p=63251"},"modified":"2026-01-07T09:39:30","modified_gmt":"2026-01-07T12:39:30","slug":"ministerio-de-portos-e-aeroportos-e-serpro-debatem-parceria-para-uso-de-biometria-para-embarque-em-terminais-maritimos-e-aeroportos","status":"publish","type":"post","link":"https:\/\/www.sincomam.org.br\/index.php\/ministerio-de-portos-e-aeroportos-e-serpro-debatem-parceria-para-uso-de-biometria-para-embarque-em-terminais-maritimos-e-aeroportos\/","title":{"rendered":"Minist\u00e9rio de Portos e Aeroportos e Serpro debatem parceria para uso de biometria para embarque em terminais mar\u00edtimos e aeroportos"},"content":{"rendered":"<p>Representantes do Minist\u00e9rio dos Portos e Aeroportos (Mpor) e do Servi\u00e7o Federal de Processamento de Dados (Serpro) iniciaram nesta segunda-feira (5), em reuni\u00e3o em Bras\u00edlia, tratativas para instalar em portos, aeroportos e terminais mar\u00edtimos de passageiros sistema de identifica\u00e7\u00e3o biom\u00e9trica. O objetivo \u00e9 melhorar o fluxo, reduzir filas e tempo de espera e aumentar a seguran\u00e7a no transporte de cargas e de pessoas.<\/p>\n<p>O secret\u00e1rio executivo do MPor, Tom\u00e9 Franca, explicou que o uso da tecnologia \u00e9 considerada fundamental para que o tr\u00e1fego de pessoas nos terminais brasileiros seja mais r\u00e1pido e seguro. E que, para isso, o Minist\u00e9rio v\u00ea como estrat\u00e9gica a parceria com o Serpro. \u201cEstamos discutindo o uso do programa biom\u00e9trico para ter mais efici\u00eancia nos embarques e tamb\u00e9m mais seguran\u00e7a para quem est\u00e1 viajando\u201d, afirmou.<\/p>\n<p>A ado\u00e7\u00e3o da biometria para acesso a portos, aeroportos e terminais mar\u00edtimos segue as recomenda\u00e7\u00f5es da Organiza\u00e7\u00e3o da Avia\u00e7\u00e3o Civil Internacional (Icao) e da Organiza\u00e7\u00e3o Mar\u00edtima Internacional (IMO). O Mpor informou que o projeto ser\u00e1 colocado em consulta p\u00fablica para receber sugest\u00f5es da sociedade.<\/p>\n<p>Fonte: Portos e Navios<\/p>\n","protected":false},"excerpt":{"rendered":"<p>Representantes do Minist\u00e9rio dos Portos e Aeroportos (Mpor) e do Servi\u00e7o Federal de Processamento de Dados (Serpro) iniciaram nesta segunda-feira (5), em reuni\u00e3o em Bras\u00edlia,&#8230;<\/p>\n","protected":false},"author":1527,"featured_media":63252,"comment_status":"closed","ping_status":"closed","sticky":false,"template":"","format":"standard","meta":{"footnotes":""},"categories":[6],"tags":[],"class_list":["post-63251","post","type-post","status-publish","format-standard","has-post-thumbnail","hentry","category-noticias"],"_links":{"self":[{"href":"https:\/\/www.sincomam.org.br\/index.php\/wp-json\/wp\/v2\/posts\/63251","targetHints":{"allow":["GET"]}}],"collection":[{"href":"https:\/\/www.sincomam.org.br\/index.php\/wp-json\/wp\/v2\/posts"}],"about":[{"href":"https:\/\/www.sincomam.org.br\/index.php\/wp-json\/wp\/v2\/types\/post"}],"author":[{"embeddable":true,"href":"https:\/\/www.sincomam.org.br\/index.php\/wp-json\/wp\/v2\/users\/1527"}],"replies":[{"embeddable":true,"href":"https:\/\/www.sincomam.org.br\/index.php\/wp-json\/wp\/v2\/comments?post=63251"}],"version-history":[{"count":1,"href":"https:\/\/www.sincomam.org.br\/index.php\/wp-json\/wp\/v2\/posts\/63251\/revisions"}],"predecessor-version":[{"id":63253,"href":"https:\/\/www.sincomam.org.br\/index.php\/wp-json\/wp\/v2\/posts\/63251\/revisions\/63253"}],"wp:featuredmedia":[{"embeddable":true,"href":"https:\/\/www.sincomam.org.br\/index.php\/wp-json\/wp\/v2\/media\/63252"}],"wp:attachment":[{"href":"https:\/\/www.sincomam.org.br\/index.php\/wp-json\/wp\/v2\/media?parent=63251"}],"wp:term":[{"taxonomy":"category","embeddable":true,"href":"https:\/\/www.sincomam.org.br\/index.php\/wp-json\/wp\/v2\/categories?post=63251"},{"taxonomy":"post_tag","embeddable":true,"href":"https:\/\/www.sincomam.org.br\/index.php\/wp-json\/wp\/v2\/tags?post=63251"}],"curies":[{"name":"wp","href":"https:\/\/api.w.org\/{rel}","templated":true}]}}