{"id":6325,"date":"2014-06-27T08:26:19","date_gmt":"2014-06-27T11:26:19","guid":{"rendered":"http:\/\/www.sincomam.org.br\/?p=6325"},"modified":"2014-06-26T22:30:51","modified_gmt":"2014-06-27T01:30:51","slug":"lista-de-prioridades-para-apoio-financeiro-do-fmm-e-publicada","status":"publish","type":"post","link":"https:\/\/www.sincomam.org.br\/index.php\/lista-de-prioridades-para-apoio-financeiro-do-fmm-e-publicada\/","title":{"rendered":"Lista de prioridades para apoio financeiro do FMM \u00e9 publicada"},"content":{"rendered":"<p style=\"color: #666666;\">O Minist\u00e9rio dos Transportes publicou na edi\u00e7\u00e3o de ontem, quarta-feira (25\/06), do Di\u00e1rio Oficial da Uni\u00e3o os projetos considerados priorit\u00e1rios para receber apoio financeiro do Fundo de Marinha Mercante (FMM). As prioridades a 118 projetos foram definidas pelo Conselho Diretor do Fundo em reuni\u00e3o no dia 5 de maio, em Bras\u00edlia.<\/p>\n<p style=\"color: #666666;\">Conforme a Resolu\u00e7\u00e3o n\u00ba 132, um total de R$ 4,2 bilh\u00f5es em projetos de 14 empresas foi aprovado pelo Conselho. Segundo as regras do Fundo, at\u00e9 90% desse valor \u00e9 pass\u00edvel de financiamento com recursos do FMM, com exce\u00e7\u00e3o das embarca\u00e7\u00f5es para o transporte de passageiros em que \u00e9 poss\u00edvel o financiamento integral dos barcos, devido ao relevante interesse social. A defini\u00e7\u00e3o do percentual de financiamento depende do conte\u00fado nacional de cada projeto e do tipo da embarca\u00e7\u00e3o, nos termos das regras previstas na Resolu\u00e7\u00e3o n\u00b0 3.828\/2009, do Conselho Monet\u00e1rio Nacional.<\/p>\n<p style=\"color: #666666;\">A partir da publica\u00e7\u00e3o do resultado da reuni\u00e3o no Di\u00e1rio Oficial da Uni\u00e3o, as empresas ter\u00e3o 360 dias para efetivar a contrata\u00e7\u00e3o dos projetos com os agentes financeiros, o que possibilitar\u00e1 o in\u00edcio do repasse dos recursos. A pr\u00f3xima reuni\u00e3o (26\u00aa) do Conselho ser\u00e1 realizada no pr\u00f3ximo dia 29 de agosto.<\/p>\n<p style=\"color: #666666;\">Fonte: Minist\u00e9rio dos Taransportes<\/p>\n","protected":false},"excerpt":{"rendered":"<p>O Minist\u00e9rio dos Transportes publicou na edi\u00e7\u00e3o de ontem, quarta-feira (25\/06), do Di\u00e1rio Oficial da Uni\u00e3o os projetos considerados priorit\u00e1rios para receber apoio financeiro do&#8230;<\/p>\n","protected":false},"author":1182,"featured_media":5475,"comment_status":"closed","ping_status":"closed","sticky":false,"template":"","format":"standard","meta":{"footnotes":""},"categories":[6],"tags":[],"class_list":["post-6325","post","type-post","status-publish","format-standard","has-post-thumbnail","hentry","category-noticias"],"_links":{"self":[{"href":"https:\/\/www.sincomam.org.br\/index.php\/wp-json\/wp\/v2\/posts\/6325","targetHints":{"allow":["GET"]}}],"collection":[{"href":"https:\/\/www.sincomam.org.br\/index.php\/wp-json\/wp\/v2\/posts"}],"about":[{"href":"https:\/\/www.sincomam.org.br\/index.php\/wp-json\/wp\/v2\/types\/post"}],"author":[{"embeddable":true,"href":"https:\/\/www.sincomam.org.br\/index.php\/wp-json\/wp\/v2\/users\/1182"}],"replies":[{"embeddable":true,"href":"https:\/\/www.sincomam.org.br\/index.php\/wp-json\/wp\/v2\/comments?post=6325"}],"version-history":[{"count":1,"href":"https:\/\/www.sincomam.org.br\/index.php\/wp-json\/wp\/v2\/posts\/6325\/revisions"}],"predecessor-version":[{"id":6326,"href":"https:\/\/www.sincomam.org.br\/index.php\/wp-json\/wp\/v2\/posts\/6325\/revisions\/6326"}],"wp:featuredmedia":[{"embeddable":true,"href":"https:\/\/www.sincomam.org.br\/index.php\/wp-json\/wp\/v2\/media\/5475"}],"wp:attachment":[{"href":"https:\/\/www.sincomam.org.br\/index.php\/wp-json\/wp\/v2\/media?parent=6325"}],"wp:term":[{"taxonomy":"category","embeddable":true,"href":"https:\/\/www.sincomam.org.br\/index.php\/wp-json\/wp\/v2\/categories?post=6325"},{"taxonomy":"post_tag","embeddable":true,"href":"https:\/\/www.sincomam.org.br\/index.php\/wp-json\/wp\/v2\/tags?post=6325"}],"curies":[{"name":"wp","href":"https:\/\/api.w.org\/{rel}","templated":true}]}}