{"id":63242,"date":"2026-01-06T11:09:06","date_gmt":"2026-01-06T14:09:06","guid":{"rendered":"https:\/\/www.sincomam.org.br\/?p=63242"},"modified":"2026-01-06T11:09:06","modified_gmt":"2026-01-06T14:09:06","slug":"marinha-revela-segredo-da-farda-branca-e-video-viraliza","status":"publish","type":"post","link":"https:\/\/www.sincomam.org.br\/index.php\/marinha-revela-segredo-da-farda-branca-e-video-viraliza\/","title":{"rendered":"Marinha revela segredo da farda branca e v\u00eddeo viraliza"},"content":{"rendered":"<p data-start=\"249\" data-end=\"628\">Um v\u00eddeo bem-humorado da\u00a0<strong data-start=\"274\" data-end=\"315\"><span class=\"hover:entity-accent entity-underline inline cursor-pointer align-baseline\"><span class=\"whitespace-normal\">Marinha do Brasil<\/span><\/span><\/strong>\u00a0chamou a aten\u00e7\u00e3o dos brasileiros ao revelar um dos segredos mais curiosos da vida militar: como manter o tradicional\u00a0<strong data-start=\"433\" data-end=\"469\">uniforme branco sempre impec\u00e1vel<\/strong>. Publicado nas redes sociais da For\u00e7a Naval, o conte\u00fado ultrapassou a marca de\u00a0<strong data-start=\"549\" data-end=\"583\">6 milh\u00f5es de contas alcan\u00e7adas<\/strong>, tornando-se um verdadeiro fen\u00f4meno digital.<\/p>\n<h3 data-start=\"681\" data-end=\"745\"><strong data-start=\"688\" data-end=\"745\">O \u201cbizu\u201d da farda branca e a cultura do apuro militar<\/strong><\/h3>\n<p data-start=\"747\" data-end=\"1101\">No v\u00eddeo, um militar da Marinha revela de forma descontra\u00edda o chamado\u00a0<strong data-start=\"818\" data-end=\"828\">\u201cbizu\u201d<\/strong>\u00a0\u2014 termo popular no meio militar para dica pr\u00e1tica \u2014 utilizado para manter a farda branca com o\u00a0<strong data-start=\"924\" data-end=\"954\">tom azulado caracter\u00edstico<\/strong>. A explica\u00e7\u00e3o simples e direta respondeu a uma curiosidade antiga do p\u00fablico civil, frequentemente associada ao rigor est\u00e9tico das For\u00e7as Armadas.<\/p>\n<p data-start=\"1103\" data-end=\"1427\">Mais do que vaidade, o cuidado com o uniforme est\u00e1 diretamente ligado \u00e0\u00a0<strong data-start=\"1175\" data-end=\"1234\">disciplina, identidade institucional e profissionalismo<\/strong>. Dentro da cultura militar, a apresenta\u00e7\u00e3o pessoal \u00e9 entendida como reflexo da capacidade do combatente em cumprir normas, respeitar hierarquia e representar a Institui\u00e7\u00e3o perante a sociedade.<\/p>\n<div class=\"code-block code-block-7\">\n<h3 data-start=\"1434\" data-end=\"1495\"><strong data-start=\"1441\" data-end=\"1495\">Repercuss\u00e3o social e engajamento recorde nas redes<\/strong><\/h3>\n<p data-start=\"1497\" data-end=\"1836\">A iniciativa surgiu ap\u00f3s um desafio p\u00fablico feito pelo apresentador\u00a0<strong data-start=\"1565\" data-end=\"1606\"><span class=\"hover:entity-accent entity-underline inline cursor-pointer align-baseline\"><span class=\"whitespace-normal\">Sik\u00eara J\u00fanior<\/span><\/span><\/strong>, o que contribuiu para impulsionar o alcance do conte\u00fado. O v\u00eddeo ultrapassou\u00a0<strong data-start=\"1685\" data-end=\"1715\">8 milh\u00f5es de visualiza\u00e7\u00f5es<\/strong>, acumulando cerca de\u00a0<strong data-start=\"1737\" data-end=\"1757\">780 mil curtidas<\/strong>,\u00a0<strong data-start=\"1759\" data-end=\"1788\">327 mil compartilhamentos<\/strong>, al\u00e9m de milhares de coment\u00e1rios e salvamentos.<\/p>\n<p data-start=\"1838\" data-end=\"2172\">Chamou aten\u00e7\u00e3o o fato de que\u00a0<strong data-start=\"1867\" data-end=\"1934\">86% do p\u00fablico alcan\u00e7ado n\u00e3o seguia o perfil oficial da Marinha<\/strong>, evidenciando o potencial de conte\u00fados leves e educativos para ampliar o di\u00e1logo institucional. Coment\u00e1rios destacaram valores como\u00a0<strong data-start=\"2067\" data-end=\"2105\">organiza\u00e7\u00e3o, respeito e disciplina<\/strong>, refor\u00e7ando a percep\u00e7\u00e3o positiva da For\u00e7a Naval junto \u00e0 sociedade.<\/p>\n<h3 data-start=\"2179\" data-end=\"2249\"><strong data-start=\"2186\" data-end=\"2249\">Estrat\u00e9gia digital da Marinha e aproxima\u00e7\u00e3o com a sociedade<\/strong><\/h3>\n<p data-start=\"2251\" data-end=\"2546\">O sucesso do v\u00eddeo reflete uma estrat\u00e9gia mais ampla conduzida pelo\u00a0<strong data-start=\"2319\" data-end=\"2360\"><span class=\"hover:entity-accent entity-underline inline cursor-pointer align-baseline\"><span class=\"whitespace-normal\">Centro de Comunica\u00e7\u00e3o Estrat\u00e9gica da Marinha<\/span><\/span><\/strong>, que vem adotando uma\u00a0<strong data-start=\"2383\" data-end=\"2420\">linguagem mais acess\u00edvel e humana<\/strong>\u00a0nas m\u00eddias sociais. A abordagem busca aproximar a Institui\u00e7\u00e3o do p\u00fablico, sem abrir m\u00e3o da seriedade e dos valores militares.<\/p>\n<p data-start=\"2548\" data-end=\"2880\">Como resultado, o perfil oficial da Marinha no Instagram registrou um crescimento expressivo, com\u00a0<strong data-start=\"2646\" data-end=\"2690\">quase 140 mil novos seguidores em um ano<\/strong>, alcan\u00e7ando cerca de\u00a0<strong data-start=\"2712\" data-end=\"2736\">1,9 milh\u00e3o de contas<\/strong>. O conte\u00fado tamb\u00e9m extrapolou as redes e ganhou espa\u00e7o na imprensa nacional, consolidando-se como um case de\u00a0<strong data-start=\"2846\" data-end=\"2879\">comunica\u00e7\u00e3o p\u00fablica eficiente<\/strong>.<\/p>\n<p data-start=\"2548\" data-end=\"2880\">Fonte: Defesa em Foco<\/p>\n<\/div>\n<div><\/div>\n","protected":false},"excerpt":{"rendered":"<p>Um v\u00eddeo bem-humorado da\u00a0Marinha do Brasil\u00a0chamou a aten\u00e7\u00e3o dos brasileiros ao revelar um dos segredos mais curiosos da vida militar: como manter o tradicional\u00a0uniforme branco&#8230;<\/p>\n","protected":false},"author":1527,"featured_media":63243,"comment_status":"closed","ping_status":"closed","sticky":false,"template":"","format":"standard","meta":{"footnotes":""},"categories":[1],"tags":[],"class_list":["post-63242","post","type-post","status-publish","format-standard","has-post-thumbnail","hentry","category-sem-categoria"],"_links":{"self":[{"href":"https:\/\/www.sincomam.org.br\/index.php\/wp-json\/wp\/v2\/posts\/63242","targetHints":{"allow":["GET"]}}],"collection":[{"href":"https:\/\/www.sincomam.org.br\/index.php\/wp-json\/wp\/v2\/posts"}],"about":[{"href":"https:\/\/www.sincomam.org.br\/index.php\/wp-json\/wp\/v2\/types\/post"}],"author":[{"embeddable":true,"href":"https:\/\/www.sincomam.org.br\/index.php\/wp-json\/wp\/v2\/users\/1527"}],"replies":[{"embeddable":true,"href":"https:\/\/www.sincomam.org.br\/index.php\/wp-json\/wp\/v2\/comments?post=63242"}],"version-history":[{"count":1,"href":"https:\/\/www.sincomam.org.br\/index.php\/wp-json\/wp\/v2\/posts\/63242\/revisions"}],"predecessor-version":[{"id":63244,"href":"https:\/\/www.sincomam.org.br\/index.php\/wp-json\/wp\/v2\/posts\/63242\/revisions\/63244"}],"wp:featuredmedia":[{"embeddable":true,"href":"https:\/\/www.sincomam.org.br\/index.php\/wp-json\/wp\/v2\/media\/63243"}],"wp:attachment":[{"href":"https:\/\/www.sincomam.org.br\/index.php\/wp-json\/wp\/v2\/media?parent=63242"}],"wp:term":[{"taxonomy":"category","embeddable":true,"href":"https:\/\/www.sincomam.org.br\/index.php\/wp-json\/wp\/v2\/categories?post=63242"},{"taxonomy":"post_tag","embeddable":true,"href":"https:\/\/www.sincomam.org.br\/index.php\/wp-json\/wp\/v2\/tags?post=63242"}],"curies":[{"name":"wp","href":"https:\/\/api.w.org\/{rel}","templated":true}]}}