{"id":6323,"date":"2014-06-27T08:18:48","date_gmt":"2014-06-27T11:18:48","guid":{"rendered":"http:\/\/www.sincomam.org.br\/?p=6323"},"modified":"2014-06-26T22:24:49","modified_gmt":"2014-06-27T01:24:49","slug":"tecon-salvador-adota-tecnologias-para-inspecao-cargas","status":"publish","type":"post","link":"https:\/\/www.sincomam.org.br\/index.php\/tecon-salvador-adota-tecnologias-para-inspecao-cargas\/","title":{"rendered":"Tecon Salvador adota tecnologias para inspe\u00e7\u00e3o cargas"},"content":{"rendered":"<p>Neste m\u00eas, entraram em opera\u00e7\u00e3o no Terminal de Cont\u00eaineres de Salvador \u2013 administrado pelo Grupo Wilson Sons \u2013 novas tecnologias que v\u00e3o otimizar as opera\u00e7\u00f5es de inspe\u00e7\u00e3o de cont\u00eaineres e registrar informa\u00e7\u00f5es dos ve\u00edculos que acessam o terminal. Ao todo, foram investidos R$ 7,4 milh\u00f5es na aquisi\u00e7\u00e3o de um scanner e do software OCR (Optical Character Recognition; em portugu\u00eas, Reconhecimento \u00d3ptico de Caracteres).<\/p>\n<p>Os equipamentos atendem \u00e0 portaria da Receita Federal n\u00ba 3.518, que determina a inspe\u00e7\u00e3o de todos os cont\u00eaineres de importa\u00e7\u00e3o e das unidades indicadas pela fiscaliza\u00e7\u00e3o aduaneira, al\u00e9m de prever a automatiza\u00e7\u00e3o das informa\u00e7\u00f5es dos ve\u00edculos que entram no Tecon.<\/p>\n<p>O scanner, equipamento de inspe\u00e7\u00e3o n\u00e3o invasiva, contribui para redu\u00e7\u00e3o do tempo de desembara\u00e7o aduaneiro e evita o manuseio das cargas, diminuindo o risco de incidentes e avarias. J\u00e1 a tecnologia OCR, instalada nos port\u00f5es de entrada e sa\u00edda, converte os dados dos ve\u00edculos diretamente para o sistema do terminal de forma \u00e1gil e automatizada.<\/p>\n<p>\u201cAo adotarmos esses procedimentos, daremos mais agilidade no atendimento \u00e0s cargas inspecionadas, reduzindo o tempo de espera dos cont\u00eaineres na \u00e1rea do terminal. Isso se refletir\u00e1 em mais competitividade para os clientes\u201d, cita Patricia Iglesias, gerente comercial do Tecon Salvador.<\/p>\n<p>Fonte: Portos e Navios<\/p>\n","protected":false},"excerpt":{"rendered":"<p>Neste m\u00eas, entraram em opera\u00e7\u00e3o no Terminal de Cont\u00eaineres de Salvador \u2013 administrado pelo Grupo Wilson Sons \u2013 novas tecnologias que v\u00e3o otimizar as opera\u00e7\u00f5es&#8230;<\/p>\n","protected":false},"author":1182,"featured_media":5429,"comment_status":"closed","ping_status":"closed","sticky":false,"template":"","format":"standard","meta":{"footnotes":""},"categories":[6],"tags":[191,237,847,429],"class_list":["post-6323","post","type-post","status-publish","format-standard","has-post-thumbnail","hentry","category-noticias","tag-cargas","tag-movimentacao","tag-salvador","tag-tecon"],"_links":{"self":[{"href":"https:\/\/www.sincomam.org.br\/index.php\/wp-json\/wp\/v2\/posts\/6323","targetHints":{"allow":["GET"]}}],"collection":[{"href":"https:\/\/www.sincomam.org.br\/index.php\/wp-json\/wp\/v2\/posts"}],"about":[{"href":"https:\/\/www.sincomam.org.br\/index.php\/wp-json\/wp\/v2\/types\/post"}],"author":[{"embeddable":true,"href":"https:\/\/www.sincomam.org.br\/index.php\/wp-json\/wp\/v2\/users\/1182"}],"replies":[{"embeddable":true,"href":"https:\/\/www.sincomam.org.br\/index.php\/wp-json\/wp\/v2\/comments?post=6323"}],"version-history":[{"count":1,"href":"https:\/\/www.sincomam.org.br\/index.php\/wp-json\/wp\/v2\/posts\/6323\/revisions"}],"predecessor-version":[{"id":6324,"href":"https:\/\/www.sincomam.org.br\/index.php\/wp-json\/wp\/v2\/posts\/6323\/revisions\/6324"}],"wp:featuredmedia":[{"embeddable":true,"href":"https:\/\/www.sincomam.org.br\/index.php\/wp-json\/wp\/v2\/media\/5429"}],"wp:attachment":[{"href":"https:\/\/www.sincomam.org.br\/index.php\/wp-json\/wp\/v2\/media?parent=6323"}],"wp:term":[{"taxonomy":"category","embeddable":true,"href":"https:\/\/www.sincomam.org.br\/index.php\/wp-json\/wp\/v2\/categories?post=6323"},{"taxonomy":"post_tag","embeddable":true,"href":"https:\/\/www.sincomam.org.br\/index.php\/wp-json\/wp\/v2\/tags?post=6323"}],"curies":[{"name":"wp","href":"https:\/\/api.w.org\/{rel}","templated":true}]}}