{"id":6319,"date":"2014-06-27T08:22:27","date_gmt":"2014-06-27T11:22:27","guid":{"rendered":"http:\/\/www.sincomam.org.br\/?p=6319"},"modified":"2014-06-26T21:49:42","modified_gmt":"2014-06-27T00:49:42","slug":"navio-de-conteineres-inaugura-operacoes-no-berco-1-da-apm-terminals-itajai","status":"publish","type":"post","link":"https:\/\/www.sincomam.org.br\/index.php\/navio-de-conteineres-inaugura-operacoes-no-berco-1-da-apm-terminals-itajai\/","title":{"rendered":"Navio de cont\u00eaineres inaugura opera\u00e7\u00f5es no ber\u00e7o 1 da APM Terminals Itaja\u00ed"},"content":{"rendered":"<p>O &#8220;Aldebaran&#8221;, navio de cont\u00eaineres com capacidade nominal de 2,8 mil TEUs e de bandeira maltense, foi o primeiro cargueiro a operar no novo ber\u00e7o 1 da APM Terminals, no porto de Itaja\u00ed, em 26 de junho. Foi a primeira opera\u00e7\u00e3o na nova estrutura, reconstru\u00edda ap\u00f3s ser afetada pela enchente de 2011. Na \u00e9poca, as correntezas do rio Itaja\u00ed-A\u00e7u provocaram forte eros\u00e3o e comprometeram o cais.<\/p>\n<p>As obras foram conclu\u00eddas e simbolicamente inauguradas em abril pelo ministro dos Portos, Ant\u00f4nio Henrique Pinheiro Silveira, e desde ent\u00e3o o ber\u00e7o aguardava testes estruturais e de equipamentos para come\u00e7ar a receber navios. Ricardo Arten, diretor superintendente da APM Terminals no Brasil, explica que foram investidos R$ 80 milh\u00f5es na reconstru\u00e7\u00e3o. \u201cO investimento vai assegurar maior flexibilidade operacional e aumento da produtividade dos navios\u201d, diz ele.<\/p>\n<p>De acordo com informa\u00e7\u00f5es da empresa respons\u00e1vel pela recupera\u00e7\u00e3o do ber\u00e7o, foi necess\u00e1ria a utiliza\u00e7\u00e3o de engenharia especial, como a instala\u00e7\u00e3o de uma cortina de estacas-prancha provis\u00f3ria para dar mais estabilidade \u00e0 estrutura durante a reconstru\u00e7\u00e3o. A cortina foi removida ap\u00f3s a concretagem do ber\u00e7o. Na reconstru\u00e7\u00e3o, foram utilizadas 167 estacas tubulares que variam de 28 a 50 metros de profundidade, diferen\u00e7a que se explica pelos diferentes tipos de solo encontro no leito do rio.<\/p>\n<p>A construtora instalou ainda um sistema de mantas geot\u00eaxteis e blocos de concreto de 20 cent\u00edmetros de altura no fundo do rio a 16 metros de profundidade. O investimento extra foi necess\u00e1rio para que o cais resista a eventos excepcionais como as correntezas da enchente de 2011. Esta obra de refor\u00e7o, semelhante a um colch\u00e3o de prote\u00e7\u00e3o, tem como objetivo evitar a eros\u00e3o e a exposi\u00e7\u00e3o das estruturas do cais em situa\u00e7\u00f5es semelhantes no futuro.<\/p>\n<p>Fonte: Portos e Navios<\/p>\n","protected":false},"excerpt":{"rendered":"<p>O &#8220;Aldebaran&#8221;, navio de cont\u00eaineres com capacidade nominal de 2,8 mil TEUs e de bandeira maltense, foi o primeiro cargueiro a operar no novo ber\u00e7o&#8230;<\/p>\n","protected":false},"author":1182,"featured_media":5688,"comment_status":"closed","ping_status":"closed","sticky":false,"template":"","format":"standard","meta":{"footnotes":""},"categories":[6],"tags":[1393,585,291,47,80],"class_list":["post-6319","post","type-post","status-publish","format-standard","has-post-thumbnail","hentry","category-noticias","tag-capacidade","tag-conteineres","tag-itajai","tag-navio","tag-porto"],"_links":{"self":[{"href":"https:\/\/www.sincomam.org.br\/index.php\/wp-json\/wp\/v2\/posts\/6319","targetHints":{"allow":["GET"]}}],"collection":[{"href":"https:\/\/www.sincomam.org.br\/index.php\/wp-json\/wp\/v2\/posts"}],"about":[{"href":"https:\/\/www.sincomam.org.br\/index.php\/wp-json\/wp\/v2\/types\/post"}],"author":[{"embeddable":true,"href":"https:\/\/www.sincomam.org.br\/index.php\/wp-json\/wp\/v2\/users\/1182"}],"replies":[{"embeddable":true,"href":"https:\/\/www.sincomam.org.br\/index.php\/wp-json\/wp\/v2\/comments?post=6319"}],"version-history":[{"count":1,"href":"https:\/\/www.sincomam.org.br\/index.php\/wp-json\/wp\/v2\/posts\/6319\/revisions"}],"predecessor-version":[{"id":6320,"href":"https:\/\/www.sincomam.org.br\/index.php\/wp-json\/wp\/v2\/posts\/6319\/revisions\/6320"}],"wp:featuredmedia":[{"embeddable":true,"href":"https:\/\/www.sincomam.org.br\/index.php\/wp-json\/wp\/v2\/media\/5688"}],"wp:attachment":[{"href":"https:\/\/www.sincomam.org.br\/index.php\/wp-json\/wp\/v2\/media?parent=6319"}],"wp:term":[{"taxonomy":"category","embeddable":true,"href":"https:\/\/www.sincomam.org.br\/index.php\/wp-json\/wp\/v2\/categories?post=6319"},{"taxonomy":"post_tag","embeddable":true,"href":"https:\/\/www.sincomam.org.br\/index.php\/wp-json\/wp\/v2\/tags?post=6319"}],"curies":[{"name":"wp","href":"https:\/\/api.w.org\/{rel}","templated":true}]}}