{"id":63154,"date":"2026-01-05T10:28:04","date_gmt":"2026-01-05T13:28:04","guid":{"rendered":"https:\/\/www.sincomam.org.br\/?p=63154"},"modified":"2026-01-05T10:25:53","modified_gmt":"2026-01-05T13:25:53","slug":"nova-edicao-da-revista-sincomam-e-lancada","status":"publish","type":"post","link":"https:\/\/www.sincomam.org.br\/index.php\/nova-edicao-da-revista-sincomam-e-lancada\/","title":{"rendered":"Nova edi\u00e7\u00e3o da Revista SINCOMAM \u00e9 lan\u00e7ada"},"content":{"rendered":"<p>Edi\u00e7\u00e3o de n\u00famero 21 da Revista SINCOMAM \u00e9 lan\u00e7ada no ano em que a institui\u00e7\u00e3o completa 98 anos de exist\u00eancia. Fundado por um grupo de homens vision\u00e1rios, com a ben\u00e7\u00e3o de DEUS, em 12 de mar\u00e7o de 1927. Em v\u00e1rios momentos da hist\u00f3ria houveram lutas, muito trabalho, suor e l\u00e1grimas. Em nossa gest\u00e3o tivemos vit\u00f3rias grandes que nos encheram de alegrias, em outros momentos tivemos \u00eaxitos parciais, envergamos, mas n\u00e3o quebramos. Fa\u00e7amos uma retrospectiva:<\/p>\n<p>At\u00e9 o ano de 1994, o SINCOMAM se chamava \u201csindicato dos motoristas e condutores da marinha mercante no Estado do Rio de Janeiro\u201d vivia na \u201cUTI\u201d sem esperan\u00e7a de sobreviver. Era anunciada a morte eminente do \u201cdito cujus\u201d, mas para DEUS nada \u00e9 imposs\u00edvel.<\/p>\n<p><a href=\"https:\/\/www.sincomam.org.br\/wp-content\/uploads\/2025\/12\/ED21_DEZ2025_DIGITAL-VERSAO-FINAL-APROVADA.pdf\">Confira aqui a nova edi\u00e7\u00e3o<\/a><\/p>\n<p>Conseguimos tir\u00e1-lo da \u201cUTI\u201d e revigor\u00e1-lo atrav\u00e9s de muito trabalho, suor e l\u00e1grimas. Pagamos d\u00edvidas durante onze anos, que pareciam impag\u00e1veis. Expandimos\u00a0a abrang\u00eancia para nacional, habilitamos junto ao M.T.E\u00a0as fun\u00e7\u00f5es de Bombeador e Mec\u00e2nico \u2013 que anterior mente sofriam ass\u00e9dio de outras categorias, amea\u00e7avam\u00a0nossas fun\u00e7\u00f5es. Hoje, gra\u00e7as aos nossos esfor\u00e7os, s\u00e3o exclusivas dos CDMs. Uma quest\u00e3o de sobreviv\u00eancia.<\/p>\n<p>Aumentamos a compet\u00eancia profissional, que antes era de 1.000kw, para 6.000kw no interior de porto e 3.000kw no apoio mar\u00edtimo. Lutamos n\u00e3o s\u00f3 nos dias de hoje, mas\u00a0nos anos que antecederam essas vit\u00f3rias, e nos mantive\u00a0mos vivos. Houveram momentos que quase fomos extintos por for\u00e7as \u201cOCULTAS DO MAL\u201d, queriam nos pulverizar.<\/p>\n<p>Resistimos, mantivemos nossa dignidade e renascemos\u00a0mais fortes como \u201cSINCOMAM\u201d (SINDICATO NACIONAL DOS CONDUTORES DA MARINHA MERCANTE\u00a0E AFINS)\u201d.<\/p>\n<p>Ressurgimos como a f\u00eanix das cinzas e ainda\u00a0lutamos diariamente, pois sabemos que por tr\u00e1s de cada representado existem tr\u00eas ou mais pessoas que se alimentam\u00a0e dependem deste profissional. O pre\u00e7o da exist\u00eancia \u00e9 a\u00a0eterna vigil\u00e2ncia. Sem categoria n\u00e3o h\u00e1 sindicato, sem sindicato nenhuma categoria sobrevive dignamente, pois estar\u00e1 sempre \u00e0 merc\u00ea das amea\u00e7as da demiss\u00e3o e do chicote invis\u00edvel dos que insistem em voltar a era da \u201cescravid\u00e3o\u201d.<\/p>\n<p>Digo sempre, \u201cmatamos um le\u00e3o por dia e deixamos dois amarrados para matarmos no dia seguinte\u201d. Sabemos\u00a0que sem lutas n\u00e3o h\u00e1 vit\u00f3rias, sem trabalho n\u00e3o h\u00e1 dignidade, sem direitos e sem liberdade n\u00e3o h\u00e1 justi\u00e7a. Agrade\u00e7o a DEUS todos os dias pela sa\u00fade, para ter for\u00e7as para\u00a0trabalhar e sabedoria para juntos conduzirmos sob as b\u00ean\u00e7\u00e3os de DEUS o destino do SINCOMAM e das categorias\u00a0que representamos. Que venham mais 98 anos.<\/p>\n<p>Feliz anivers\u00e1rio e vida eterna SINCOMAM!<\/p>\n<p>Que DEUS nos aben\u00e7oe hoje e sempre!<\/p>\n<p>Fraternalmente,<\/p>\n<p>Diretor Presidente \u2013 Alcir da Costa Albernoz<\/p>\n","protected":false},"excerpt":{"rendered":"<p>Edi\u00e7\u00e3o de n\u00famero 21 da Revista SINCOMAM \u00e9 lan\u00e7ada no ano em que a institui\u00e7\u00e3o completa 98 anos de exist\u00eancia. Fundado por um grupo de&#8230;<\/p>\n","protected":false},"author":1527,"featured_media":63155,"comment_status":"closed","ping_status":"closed","sticky":false,"template":"","format":"standard","meta":{"footnotes":""},"categories":[6],"tags":[],"class_list":["post-63154","post","type-post","status-publish","format-standard","has-post-thumbnail","hentry","category-noticias"],"_links":{"self":[{"href":"https:\/\/www.sincomam.org.br\/index.php\/wp-json\/wp\/v2\/posts\/63154","targetHints":{"allow":["GET"]}}],"collection":[{"href":"https:\/\/www.sincomam.org.br\/index.php\/wp-json\/wp\/v2\/posts"}],"about":[{"href":"https:\/\/www.sincomam.org.br\/index.php\/wp-json\/wp\/v2\/types\/post"}],"author":[{"embeddable":true,"href":"https:\/\/www.sincomam.org.br\/index.php\/wp-json\/wp\/v2\/users\/1527"}],"replies":[{"embeddable":true,"href":"https:\/\/www.sincomam.org.br\/index.php\/wp-json\/wp\/v2\/comments?post=63154"}],"version-history":[{"count":4,"href":"https:\/\/www.sincomam.org.br\/index.php\/wp-json\/wp\/v2\/posts\/63154\/revisions"}],"predecessor-version":[{"id":63160,"href":"https:\/\/www.sincomam.org.br\/index.php\/wp-json\/wp\/v2\/posts\/63154\/revisions\/63160"}],"wp:featuredmedia":[{"embeddable":true,"href":"https:\/\/www.sincomam.org.br\/index.php\/wp-json\/wp\/v2\/media\/63155"}],"wp:attachment":[{"href":"https:\/\/www.sincomam.org.br\/index.php\/wp-json\/wp\/v2\/media?parent=63154"}],"wp:term":[{"taxonomy":"category","embeddable":true,"href":"https:\/\/www.sincomam.org.br\/index.php\/wp-json\/wp\/v2\/categories?post=63154"},{"taxonomy":"post_tag","embeddable":true,"href":"https:\/\/www.sincomam.org.br\/index.php\/wp-json\/wp\/v2\/tags?post=63154"}],"curies":[{"name":"wp","href":"https:\/\/api.w.org\/{rel}","templated":true}]}}