{"id":63151,"date":"2025-12-23T10:49:29","date_gmt":"2025-12-23T13:49:29","guid":{"rendered":"https:\/\/www.sincomam.org.br\/?p=63151"},"modified":"2025-12-23T10:49:29","modified_gmt":"2025-12-23T13:49:29","slug":"inss-altera-atendimento-no-natal-e-no-ano-novo","status":"publish","type":"post","link":"https:\/\/www.sincomam.org.br\/index.php\/inss-altera-atendimento-no-natal-e-no-ano-novo\/","title":{"rendered":"INSS altera atendimento no Natal e no Ano Novo"},"content":{"rendered":"<p>As ag\u00eancias do Instituto Nacional do Seguro Social (INSS) ter\u00e3o mudan\u00e7as no atendimento ao p\u00fablico durante o per\u00edodo de Natal e de Ano Novo, em raz\u00e3o dos feriados nacionais e dos pontos facultativos definidos pelo governo federal.<img decoding=\"async\" src=\"https:\/\/agenciabrasil.ebc.com.br\/ebc.png?id=1673101&amp;o=node\" \/><img decoding=\"async\" src=\"https:\/\/agenciabrasil.ebc.com.br\/ebc.gif?id=1673101&amp;o=node\" \/><\/p>\n<p><strong>Em 24 e 31 de dezembro, v\u00e9speras de feriado, o expediente ser\u00e1 reduzido. As ag\u00eancias funcionar\u00e3o somente at\u00e9 as 13h, com atendimento presencial limitado nesse per\u00edodo.<\/strong><\/p>\n<p>Nos dias 25 de dezembro (Natal) e 1\u00ba de janeiro (Confraterniza\u00e7\u00e3o Universal), n\u00e3o haver\u00e1 atendimento presencial nas unidades do INSS, que permanecer\u00e3o fechadas.<\/p>\n<p>O funcionamento normal das Ag\u00eancias da Previd\u00eancia Social ser\u00e1 retomado nos dias 26 de dezembro e 2 de janeiro, respeitando os atendimentos previamente agendados.<\/p>\n<h2>Central 135<\/h2>\n<p>Principal canal de atendimento do INSS, a Central 135 tamb\u00e9m ter\u00e1 hor\u00e1rios especiais. Em 24 e 31 de dezembro, o atendimento humano estar\u00e1 dispon\u00edvel at\u00e9 as 18h.<\/p>\n<p>Ap\u00f3s esse hor\u00e1rio, o servi\u00e7o funcionar\u00e1 apenas de forma eletr\u00f4nica.<\/p>\n<p><strong>Em 25 de dezembro e 1\u00ba de janeiro, a Central 135 opera\u00a0exclusivamente com atendimento eletr\u00f4nico. Em 26 de dezembro e 2 de janeiro, o atendimento volta ao normal.<\/strong><\/p>\n<p>O INSS orienta os segurados a procurar os servi\u00e7os eletr\u00f4nicos,\u00a0<a href=\"https:\/\/meu.inss.gov.br\/\" target=\"_blank\" rel=\"noopener\">dispon\u00edveis no site<\/a>\u00a0e no aplicativo Meu INSS.<\/p>\n<p>Essas ferramentas permitem consultas, agendamentos e pedidos de benef\u00edcios, mesmo durante os feriados.<\/p>\n<p>Fonte: Ag\u00eancia Brasil<\/p>\n","protected":false},"excerpt":{"rendered":"<p>As ag\u00eancias do Instituto Nacional do Seguro Social (INSS) ter\u00e3o mudan\u00e7as no atendimento ao p\u00fablico durante o per\u00edodo de Natal e de Ano Novo, em&#8230;<\/p>\n","protected":false},"author":1527,"featured_media":63152,"comment_status":"closed","ping_status":"closed","sticky":false,"template":"","format":"standard","meta":{"footnotes":""},"categories":[6],"tags":[],"class_list":["post-63151","post","type-post","status-publish","format-standard","has-post-thumbnail","hentry","category-noticias"],"_links":{"self":[{"href":"https:\/\/www.sincomam.org.br\/index.php\/wp-json\/wp\/v2\/posts\/63151","targetHints":{"allow":["GET"]}}],"collection":[{"href":"https:\/\/www.sincomam.org.br\/index.php\/wp-json\/wp\/v2\/posts"}],"about":[{"href":"https:\/\/www.sincomam.org.br\/index.php\/wp-json\/wp\/v2\/types\/post"}],"author":[{"embeddable":true,"href":"https:\/\/www.sincomam.org.br\/index.php\/wp-json\/wp\/v2\/users\/1527"}],"replies":[{"embeddable":true,"href":"https:\/\/www.sincomam.org.br\/index.php\/wp-json\/wp\/v2\/comments?post=63151"}],"version-history":[{"count":1,"href":"https:\/\/www.sincomam.org.br\/index.php\/wp-json\/wp\/v2\/posts\/63151\/revisions"}],"predecessor-version":[{"id":63153,"href":"https:\/\/www.sincomam.org.br\/index.php\/wp-json\/wp\/v2\/posts\/63151\/revisions\/63153"}],"wp:featuredmedia":[{"embeddable":true,"href":"https:\/\/www.sincomam.org.br\/index.php\/wp-json\/wp\/v2\/media\/63152"}],"wp:attachment":[{"href":"https:\/\/www.sincomam.org.br\/index.php\/wp-json\/wp\/v2\/media?parent=63151"}],"wp:term":[{"taxonomy":"category","embeddable":true,"href":"https:\/\/www.sincomam.org.br\/index.php\/wp-json\/wp\/v2\/categories?post=63151"},{"taxonomy":"post_tag","embeddable":true,"href":"https:\/\/www.sincomam.org.br\/index.php\/wp-json\/wp\/v2\/tags?post=63151"}],"curies":[{"name":"wp","href":"https:\/\/api.w.org\/{rel}","templated":true}]}}