{"id":6315,"date":"2014-06-27T08:04:10","date_gmt":"2014-06-27T11:04:10","guid":{"rendered":"http:\/\/www.sincomam.org.br\/?p=6315"},"modified":"2014-06-26T22:40:07","modified_gmt":"2014-06-27T01:40:07","slug":"alianca-renova-frota-para-manter-servicos-de-cabotagem","status":"publish","type":"post","link":"https:\/\/www.sincomam.org.br\/index.php\/alianca-renova-frota-para-manter-servicos-de-cabotagem\/","title":{"rendered":"Alian\u00e7a renova frota para manter servi\u00e7os de cabotagem"},"content":{"rendered":"<p>A renova\u00e7\u00e3o de parte de sua frota da navios foi a estrat\u00e9gia adotada pela Alian\u00e7a Navega\u00e7\u00e3o para solucionar os problemas encontrados no Porto de Santos e nos demais complexos portu\u00e1rios do Brasil e manter seus servi\u00e7os de cabotagem. A empresa comprou quatro novos porta-cont\u00eaineres com caracter\u00edsticas compat\u00edveis \u00e0s limita\u00e7\u00f5es observadas nas instala\u00e7\u00f5es do Pa\u00eds, como a restri\u00e7\u00e3o de calado em Santos e as curvas sinuosas do Rio Amazonas.<\/p>\n<p>\u201cOs investimentos possibilitaram a interrup\u00e7\u00e3o das paradas por motivos t\u00e9cnicos\u201d, afirma o diretor-superintendente da companhia, Julian Thomas. Ao todo, a empresa investiu R$ 450 milh\u00f5es na aquisi\u00e7\u00e3o dos cargueiros, que apresentam um calado (parte da embarca\u00e7\u00e3o que permanece submersa) reduzido.<\/p>\n<p>Em 2013, a Alian\u00e7a movimentou 613 mil TEUs (unidade equivalente a 20 p\u00e9s). O n\u00famero \u00e9 22% superior ao obtido no ano anterior. At\u00e9 dezembro, a previs\u00e3o de crescimento \u00e9 a mesma.<\/p>\n<p>Sobre o desenvolvimento da cabotagem no Brasil, o superintendente da Alian\u00e7a explica que ainda existem entraves para o pleno sucesso do servi\u00e7o. A pouca oferta de terminais \u00e9 uma delas, mesmo levando em considera\u00e7\u00e3o o novo marco regulat\u00f3rio do setor, a Lei 12.815\/2013, que incentiva a abertura de novas instala\u00e7\u00f5es privadas. \u201cEntre planejar e operar um novo terminal, teremos at\u00e9 5 anos\u201d, lembra Thomas. Da mesma forma, est\u00e3o os acessos a essas instala\u00e7\u00f5es, seja por mar (calado reduzido) ou terra (limita\u00e7\u00e3o do sistema vi\u00e1rio).<\/p>\n<p>Outro ponto que o diretor-superintendente destaca \u00e9 a falta de um vis\u00e3o sist\u00eamica, o que impede a amplia\u00e7\u00e3o da capacidade portu\u00e1ria em uma determinada regi\u00e3o, como acontece no Porto de Santos. Ele aponta que a exist\u00eancia de diferentes empresas privadas, um poder p\u00fablico regional (prefeituras) e \u00f3rg\u00e3os gestores, al\u00e9m de interven\u00e7\u00f5es federais e de \u00f3rg\u00e3os reguladores, acaba sendo um impeditivo, n\u00e3o um aliado. &#8220;(Isso) resulta em projetos direcionados a cada uma das interfaces, sem an\u00e1lise das rela\u00e7\u00f5es entre elas\u201d, diz.<\/p>\n<p>Tamb\u00e9m h\u00e1 os pontos relacionados ao planejamento e \u00e0 multimodalidade (o uso integrado de v\u00e1rios meios de transporte no deslocamento de uma carga), segundo o executivo. Esta \u00faltima, que est\u00e1 aliada diretamente \u00e0 cabotagem, fica limitada com os congestionamentos rodovi\u00e1rios e a falta de expans\u00e3o da malha ferrovi\u00e1ria e das hidrovias. \u201cPlanejar significa desenvolver um modelo, test\u00e1-lo com uma base de dados e analisar os resultados de modo a sugerir uma solu\u00e7\u00e3o otimizada\u201d, finaliza.<\/p>\n<p>Fonte: A Tribuna<\/p>\n","protected":false},"excerpt":{"rendered":"<p>A renova\u00e7\u00e3o de parte de sua frota da navios foi a estrat\u00e9gia adotada pela Alian\u00e7a Navega\u00e7\u00e3o para solucionar os problemas encontrados no Porto de Santos&#8230;<\/p>\n","protected":false},"author":1182,"featured_media":4598,"comment_status":"closed","ping_status":"closed","sticky":false,"template":"","format":"standard","meta":{"footnotes":""},"categories":[6],"tags":[1309,82,562,886],"class_list":["post-6315","post","type-post","status-publish","format-standard","has-post-thumbnail","hentry","category-noticias","tag-alianca","tag-cabotagem","tag-mudanca","tag-navegacao"],"_links":{"self":[{"href":"https:\/\/www.sincomam.org.br\/index.php\/wp-json\/wp\/v2\/posts\/6315","targetHints":{"allow":["GET"]}}],"collection":[{"href":"https:\/\/www.sincomam.org.br\/index.php\/wp-json\/wp\/v2\/posts"}],"about":[{"href":"https:\/\/www.sincomam.org.br\/index.php\/wp-json\/wp\/v2\/types\/post"}],"author":[{"embeddable":true,"href":"https:\/\/www.sincomam.org.br\/index.php\/wp-json\/wp\/v2\/users\/1182"}],"replies":[{"embeddable":true,"href":"https:\/\/www.sincomam.org.br\/index.php\/wp-json\/wp\/v2\/comments?post=6315"}],"version-history":[{"count":1,"href":"https:\/\/www.sincomam.org.br\/index.php\/wp-json\/wp\/v2\/posts\/6315\/revisions"}],"predecessor-version":[{"id":6316,"href":"https:\/\/www.sincomam.org.br\/index.php\/wp-json\/wp\/v2\/posts\/6315\/revisions\/6316"}],"wp:featuredmedia":[{"embeddable":true,"href":"https:\/\/www.sincomam.org.br\/index.php\/wp-json\/wp\/v2\/media\/4598"}],"wp:attachment":[{"href":"https:\/\/www.sincomam.org.br\/index.php\/wp-json\/wp\/v2\/media?parent=6315"}],"wp:term":[{"taxonomy":"category","embeddable":true,"href":"https:\/\/www.sincomam.org.br\/index.php\/wp-json\/wp\/v2\/categories?post=6315"},{"taxonomy":"post_tag","embeddable":true,"href":"https:\/\/www.sincomam.org.br\/index.php\/wp-json\/wp\/v2\/tags?post=6315"}],"curies":[{"name":"wp","href":"https:\/\/api.w.org\/{rel}","templated":true}]}}