{"id":63145,"date":"2025-12-23T10:30:08","date_gmt":"2025-12-23T13:30:08","guid":{"rendered":"https:\/\/www.sincomam.org.br\/?p=63145"},"modified":"2025-12-23T10:30:08","modified_gmt":"2025-12-23T13:30:08","slug":"fuzileiros-navais-entram-em-prontidao-contra-desastres-no-verao","status":"publish","type":"post","link":"https:\/\/www.sincomam.org.br\/index.php\/fuzileiros-navais-entram-em-prontidao-contra-desastres-no-verao\/","title":{"rendered":"Fuzileiros Navais entram em prontid\u00e3o contra desastres no ver\u00e3o"},"content":{"rendered":"<p><strong data-start=\"145\" data-end=\"326\">Os\u00a0<span class=\"hover:entity-accent entity-underline inline cursor-pointer align-baseline\"><span class=\"whitespace-normal\">Fuzileiros Navais<\/span><\/span>\u00a0entraram em prontid\u00e3o m\u00e1xima para o per\u00edodo cr\u00edtico do ver\u00e3o com a ativa\u00e7\u00e3o da For\u00e7a de Resposta Imediata a Desastres Ambientais (FRIDA)<\/strong>\u00a0pela\u00a0<strong data-start=\"332\" data-end=\"373\"><span class=\"hover:entity-accent entity-underline inline cursor-pointer align-baseline\"><span class=\"whitespace-normal\">Marinha do Brasil<\/span><\/span><\/strong>. A estrutura foi ativada no dia\u00a0<strong data-start=\"406\" data-end=\"424\">18 de dezembro<\/strong>, em cerim\u00f4nia realizada na\u00a0<strong data-start=\"452\" data-end=\"487\">For\u00e7a de Fuzileiros da Esquadra<\/strong>, em\u00a0<strong data-start=\"492\" data-end=\"516\">Duque de Caxias (RJ)<\/strong>, e permanecer\u00e1 mobilizada at\u00e9\u00a0<strong data-start=\"547\" data-end=\"556\">mar\u00e7o<\/strong>, per\u00edodo historicamente marcado por\u00a0<strong data-start=\"593\" data-end=\"612\">chuvas intensas<\/strong>,\u00a0<strong data-start=\"614\" data-end=\"627\">enchentes<\/strong>\u00a0e\u00a0<strong data-start=\"630\" data-end=\"647\">deslizamentos<\/strong>\u00a0em diversas regi\u00f5es do pa\u00eds.<\/p>\n<h2 data-start=\"683\" data-end=\"741\"><strong data-start=\"690\" data-end=\"741\">Resposta r\u00e1pida e integra\u00e7\u00e3o com a Defesa Civil<\/strong><\/h2>\n<p>Concebida para atuar de forma\u00a0<strong data-start=\"772\" data-end=\"806\">r\u00e1pida, integrada e coordenada<\/strong>, a FRIDA amplia a capacidade de resposta do Estado brasileiro em\u00a0<strong data-start=\"872\" data-end=\"907\">situa\u00e7\u00f5es de calamidade p\u00fablica<\/strong>, sempre em\u00a0<strong data-start=\"919\" data-end=\"943\">apoio \u00e0 Defesa Civil<\/strong>. A For\u00e7a atua no \u00e2mbito do\u00a0<strong data-start=\"971\" data-end=\"1028\">Sistema Nacional de Prote\u00e7\u00e3o e Defesa Civil (SINPDEC)<\/strong>, integrando-se \u00e0s a\u00e7\u00f5es dos governos federal, estaduais e municipais, conforme a evolu\u00e7\u00e3o de cada evento.<\/p>\n<p data-start=\"1136\" data-end=\"1403\">Essa articula\u00e7\u00e3o interag\u00eancias permite\u00a0<strong data-start=\"1175\" data-end=\"1209\">agilidade na tomada de decis\u00e3o<\/strong>,\u00a0<strong data-start=\"1211\" data-end=\"1241\">racionaliza\u00e7\u00e3o de recursos<\/strong>\u00a0e emprego sin\u00e9rgico das capacidades nacionais, reduzindo o tempo de resposta em cen\u00e1rios onde cada hora pode significar a diferen\u00e7a entre salvar ou perder vidas.<\/p>\n<div class=\"code-block code-block-7\">\n<h2 data-start=\"1410\" data-end=\"1465\"><strong data-start=\"1417\" data-end=\"1465\">Meios empregados e capacidade expedicion\u00e1ria<\/strong><\/h2>\n<p data-start=\"1466\" data-end=\"1903\">A FRIDA \u00e9 composta por\u00a0<strong data-start=\"1489\" data-end=\"1547\">militares especializados do Corpo de\u00a0Fuzileiros Navais<\/strong>, capacitados para operar em\u00a0<strong data-start=\"1576\" data-end=\"1594\">\u00e1reas alagadas<\/strong>,\u00a0<strong data-start=\"1596\" data-end=\"1625\">regi\u00f5es de dif\u00edcil acesso<\/strong>\u00a0e locais com\u00a0<strong data-start=\"1639\" data-end=\"1670\">infraestrutura comprometida<\/strong>. Entre os meios dispon\u00edveis est\u00e3o\u00a0<strong data-start=\"1705\" data-end=\"1750\">viaturas blindadas sobre rodas e lagartas<\/strong>,\u00a0<strong data-start=\"1752\" data-end=\"1773\">viaturas anf\u00edbias<\/strong>,\u00a0<strong data-start=\"1775\" data-end=\"1801\">embarca\u00e7\u00f5es litor\u00e2neas<\/strong>, equipamentos de engenharia, sistemas de comunica\u00e7\u00f5es e um completo\u00a0<strong data-start=\"1870\" data-end=\"1902\">Hospital de Campanha (HCamp)<\/strong>.<\/p>\n<div class=\"google-auto-placed ap_container\">\n<p data-start=\"1905\" data-end=\"2159\">Esses recursos permitem a execu\u00e7\u00e3o de miss\u00f5es de\u00a0<strong data-start=\"1954\" data-end=\"1977\">resgate e evacua\u00e7\u00e3o<\/strong>,\u00a0<strong data-start=\"1979\" data-end=\"2007\">apoio m\u00e9dico emergencial<\/strong>,\u00a0<strong data-start=\"2009\" data-end=\"2038\">transporte de suprimentos<\/strong>,\u00a0<strong data-start=\"2040\" data-end=\"2071\">restabelecimento de acessos<\/strong>\u00a0e\u00a0<strong data-start=\"2074\" data-end=\"2110\">assist\u00eancia humanit\u00e1ria cont\u00ednua<\/strong>, acompanhando a evolu\u00e7\u00e3o do cen\u00e1rio do desastre.<\/p>\n<h2 data-start=\"2166\" data-end=\"2222\"><strong data-start=\"2173\" data-end=\"2222\">Experi\u00eancia acumulada e prote\u00e7\u00e3o da popula\u00e7\u00e3o<\/strong><\/h2>\n<p data-start=\"2223\" data-end=\"2647\">Desde\u00a0<strong data-start=\"2229\" data-end=\"2237\">2011<\/strong>, ap\u00f3s a trag\u00e9dia dos deslizamentos em\u00a0<strong data-start=\"2276\" data-end=\"2298\">Nova Friburgo (RJ)<\/strong>, a Marinha mant\u00e9m tropas em regime de prontid\u00e3o durante o ver\u00e3o. Ao longo dos anos, os Fuzileiros Navais atuaram em algumas das mais graves emerg\u00eancias ambientais do pa\u00eds, como\u00a0<strong data-start=\"2476\" data-end=\"2495\">Petr\u00f3polis (RJ)<\/strong>,\u00a0<strong data-start=\"2497\" data-end=\"2519\">S\u00e3o Sebasti\u00e3o (SP)<\/strong>\u00a0e o recente desastre no\u00a0<strong data-start=\"2544\" data-end=\"2565\">Rio Grande do Sul<\/strong>, acumulando\u00a0<strong data-start=\"2578\" data-end=\"2590\">doutrina<\/strong>,\u00a0<strong data-start=\"2592\" data-end=\"2619\">experi\u00eancia operacional<\/strong>\u00a0e\u00a0<strong data-start=\"2622\" data-end=\"2646\">capacidade log\u00edstica<\/strong>.<\/p>\n<p data-start=\"2649\" data-end=\"2922\">Com a ativa\u00e7\u00e3o da FRIDA, a Marinha consolida o\u00a0<strong data-start=\"2696\" data-end=\"2714\">pronto emprego<\/strong>\u00a0dos Fuzileiros Navais em opera\u00e7\u00f5es humanit\u00e1rias, refor\u00e7ando seu compromisso com a\u00a0<strong data-start=\"2797\" data-end=\"2822\">prote\u00e7\u00e3o da popula\u00e7\u00e3o<\/strong>, a\u00a0<strong data-start=\"2826\" data-end=\"2850\">preserva\u00e7\u00e3o de vidas<\/strong>\u00a0e o\u00a0<strong data-start=\"2855\" data-end=\"2894\">apoio direto \u00e0 sociedade brasileira<\/strong>\u00a0nos momentos mais cr\u00edticos.<\/p>\n<p data-start=\"2649\" data-end=\"2922\">Fonte: Defesa em Foco<\/p>\n<\/div>\n<\/div>\n","protected":false},"excerpt":{"rendered":"<p>Os\u00a0Fuzileiros Navais\u00a0entraram em prontid\u00e3o m\u00e1xima para o per\u00edodo cr\u00edtico do ver\u00e3o com a ativa\u00e7\u00e3o da For\u00e7a de Resposta Imediata a Desastres Ambientais (FRIDA)\u00a0pela\u00a0Marinha do Brasil&#8230;.<\/p>\n","protected":false},"author":1527,"featured_media":63146,"comment_status":"closed","ping_status":"closed","sticky":false,"template":"","format":"standard","meta":{"footnotes":""},"categories":[6],"tags":[],"class_list":["post-63145","post","type-post","status-publish","format-standard","has-post-thumbnail","hentry","category-noticias"],"_links":{"self":[{"href":"https:\/\/www.sincomam.org.br\/index.php\/wp-json\/wp\/v2\/posts\/63145","targetHints":{"allow":["GET"]}}],"collection":[{"href":"https:\/\/www.sincomam.org.br\/index.php\/wp-json\/wp\/v2\/posts"}],"about":[{"href":"https:\/\/www.sincomam.org.br\/index.php\/wp-json\/wp\/v2\/types\/post"}],"author":[{"embeddable":true,"href":"https:\/\/www.sincomam.org.br\/index.php\/wp-json\/wp\/v2\/users\/1527"}],"replies":[{"embeddable":true,"href":"https:\/\/www.sincomam.org.br\/index.php\/wp-json\/wp\/v2\/comments?post=63145"}],"version-history":[{"count":1,"href":"https:\/\/www.sincomam.org.br\/index.php\/wp-json\/wp\/v2\/posts\/63145\/revisions"}],"predecessor-version":[{"id":63147,"href":"https:\/\/www.sincomam.org.br\/index.php\/wp-json\/wp\/v2\/posts\/63145\/revisions\/63147"}],"wp:featuredmedia":[{"embeddable":true,"href":"https:\/\/www.sincomam.org.br\/index.php\/wp-json\/wp\/v2\/media\/63146"}],"wp:attachment":[{"href":"https:\/\/www.sincomam.org.br\/index.php\/wp-json\/wp\/v2\/media?parent=63145"}],"wp:term":[{"taxonomy":"category","embeddable":true,"href":"https:\/\/www.sincomam.org.br\/index.php\/wp-json\/wp\/v2\/categories?post=63145"},{"taxonomy":"post_tag","embeddable":true,"href":"https:\/\/www.sincomam.org.br\/index.php\/wp-json\/wp\/v2\/tags?post=63145"}],"curies":[{"name":"wp","href":"https:\/\/api.w.org\/{rel}","templated":true}]}}